{"id":9015,"date":"2021-06-23T10:23:24","date_gmt":"2021-06-23T10:23:24","guid":{"rendered":"http:\/\/retotech.fundacionendesa.org\/multisite\/?p=9015"},"modified":"2021-06-23T11:00:48","modified_gmt":"2021-06-23T11:00:48","slug":"merece-la-pena","status":"publish","type":"post","link":"https:\/\/retotech.fundacionendesa.org\/multisite\/2021\/06\/23\/merece-la-pena\/","title":{"rendered":"Merece la pena"},"content":{"rendered":"\n<p>Tras la experiencia \u00abfallida\u00bb del a\u00f1o pasado, todos ten\u00edamos muchas ganas de que pudi\u00e9ramos tener un evento Retotech de nuevo. Este a\u00f1o ha sido muy diferente del primer a\u00f1o que fuimos, y aunque lo echamos mucho de menos ha merecido la pena. <\/p>\n\n\n\n<p>Nos habr\u00eda encantado poder ver m\u00e1s proyectos de otros coles, hablar con compa\u00f1eros, explicar sin prisas y disfrutar m\u00e1s de la tecnolog\u00eda. De paso habr\u00edamos estado menos nerviosos, porque los fallos del directo, el que fallara la conexi\u00f3n justo cuando nos tocaba, nos dej\u00f3 algo preocupados.<\/p>\n\n\n\n<p>Pero lo primero que queremos hacer es felicitar a todos los colegios que han resultado premiados, pero tambi\u00e9n a todos los que pese a no haber sido galardonados nos han ense\u00f1ado su trabajo, su ilusi\u00f3n y nos han dado una lecci\u00f3n para otros a\u00f1os.<\/p>\n\n\n\n<div class=\"wp-block-image\"><figure class=\"alignright size-large is-resized\"><img decoding=\"async\" src=\"https:\/\/retotech.fundacionendesa.org\/multisite\/wp-content\/uploads\/sites\/3\/2021\/06\/IMG_20210614_213725-1024x577.jpg\" alt=\"\" class=\"wp-image-9024\" width=\"-155\" height=\"-87\" srcset=\"https:\/\/retotech.fundacionendesa.org\/multisite\/wp-content\/uploads\/sites\/3\/2021\/06\/IMG_20210614_213725-1024x577.jpg 1024w, https:\/\/retotech.fundacionendesa.org\/multisite\/wp-content\/uploads\/sites\/3\/2021\/06\/IMG_20210614_213725-300x169.jpg 300w, https:\/\/retotech.fundacionendesa.org\/multisite\/wp-content\/uploads\/sites\/3\/2021\/06\/IMG_20210614_213725-768x432.jpg 768w, https:\/\/retotech.fundacionendesa.org\/multisite\/wp-content\/uploads\/sites\/3\/2021\/06\/IMG_20210614_213725-1536x865.jpg 1536w, https:\/\/retotech.fundacionendesa.org\/multisite\/wp-content\/uploads\/sites\/3\/2021\/06\/IMG_20210614_213725-2048x1153.jpg 2048w\" sizes=\"(max-width: 1024px) 100vw, 1024px\" \/><\/figure><\/div>\n\n\n\n<p>Pese a los fallos, y a que se rompiera en el \u00faltimo minuto de la presentaci\u00f3n una parte del proyecto, lo cierto es que las palabras del jurado al valorar el trabajo nos han llenado de alegr\u00eda, y nada m\u00e1s cortar el audio los gritos de alegr\u00eda y saltos han sido para haberlos grabado. Fin de los nervios, alegr\u00eda por haber llegado al d\u00eda \u00abD\u00bb y  ganas&#8230;muchas ganas de estar de nuevo el curso pr\u00f3ximo. <\/p>\n\n\n\n<figure class=\"wp-block-gallery columns-2 is-cropped wp-block-gallery-1 is-layout-flex wp-block-gallery-is-layout-flex\"><ul class=\"blocks-gallery-grid\"><li class=\"blocks-gallery-item\"><figure><img loading=\"lazy\" decoding=\"async\" width=\"105\" height=\"70\" src=\"https:\/\/retotech.fundacionendesa.org\/multisite\/wp-content\/uploads\/sites\/3\/2021\/06\/19-jun-2021-0_21-1-1.png\" alt=\"\" data-id=\"9020\" data-full-url=\"https:\/\/retotech.fundacionendesa.org\/multisite\/wp-content\/uploads\/sites\/3\/2021\/06\/19-jun-2021-0_21-1-1.png\" data-link=\"https:\/\/retotech.fundacionendesa.org\/multisite\/?attachment_id=9020\" class=\"wp-image-9020\" \/><\/figure><\/li><li class=\"blocks-gallery-item\"><figure><img loading=\"lazy\" decoding=\"async\" width=\"105\" height=\"70\" src=\"https:\/\/retotech.fundacionendesa.org\/multisite\/wp-content\/uploads\/sites\/3\/2021\/06\/19-jun-2021-0_21.png\" alt=\"\" data-id=\"9018\" data-full-url=\"https:\/\/retotech.fundacionendesa.org\/multisite\/wp-content\/uploads\/sites\/3\/2021\/06\/19-jun-2021-0_21.png\" data-link=\"https:\/\/retotech.fundacionendesa.org\/multisite\/?attachment_id=9018\" class=\"wp-image-9018\" \/><\/figure><\/li><\/ul><\/figure>\n\n\n\n<p>Deseamos que podamos tener una edici\u00f3n con contactos, con charlas y con el ajetreo y alegr\u00eda de los actos presenciales, y seguir disfrutando con tantos colegios de aprender con la tecnolog\u00eda y con los dem\u00e1s.<\/p>\n\n\n\n<div class=\"wp-block-image\"><figure class=\"alignleft size-large is-resized\"><img loading=\"lazy\" decoding=\"async\" src=\"https:\/\/retotech.fundacionendesa.org\/multisite\/wp-content\/uploads\/sites\/3\/2021\/06\/IMG_20210614_213734-1024x577.jpg\" alt=\"\" class=\"wp-image-9026\" width=\"362\" height=\"203\" srcset=\"https:\/\/retotech.fundacionendesa.org\/multisite\/wp-content\/uploads\/sites\/3\/2021\/06\/IMG_20210614_213734-1024x577.jpg 1024w, https:\/\/retotech.fundacionendesa.org\/multisite\/wp-content\/uploads\/sites\/3\/2021\/06\/IMG_20210614_213734-300x169.jpg 300w, https:\/\/retotech.fundacionendesa.org\/multisite\/wp-content\/uploads\/sites\/3\/2021\/06\/IMG_20210614_213734-768x432.jpg 768w, https:\/\/retotech.fundacionendesa.org\/multisite\/wp-content\/uploads\/sites\/3\/2021\/06\/IMG_20210614_213734-1536x865.jpg 1536w, https:\/\/retotech.fundacionendesa.org\/multisite\/wp-content\/uploads\/sites\/3\/2021\/06\/IMG_20210614_213734-2048x1153.jpg 2048w\" sizes=\"(max-width: 362px) 100vw, 362px\" \/><\/figure><\/div>\n\n\n\n<p>Lo cierto es que a falta de 48 horas cre\u00edmos que no \u00edbamos a tener nada, pero esas jornadas maratonianas, s\u00e1bados incluidos, una vez acabados los ex\u00e1menes han hecho que al final, aunque no fuera como nos habr\u00eda gustado, hab\u00eda un proyecto&#8230;\u00a1Y lo hab\u00edamos logrado todos juntos!<\/p>\n\n\n\n<figure class=\"wp-block-gallery columns-3 is-cropped wp-block-gallery-2 is-layout-flex wp-block-gallery-is-layout-flex\"><ul class=\"blocks-gallery-grid\"><li class=\"blocks-gallery-item\"><figure><img loading=\"lazy\" decoding=\"async\" width=\"1024\" height=\"577\" src=\"https:\/\/retotech.fundacionendesa.org\/multisite\/wp-content\/uploads\/sites\/3\/2021\/06\/IMG_20210612_121658-1-1024x577.jpg\" alt=\"\" data-id=\"9036\" data-full-url=\"https:\/\/retotech.fundacionendesa.org\/multisite\/wp-content\/uploads\/sites\/3\/2021\/06\/IMG_20210612_121658-1-scaled.jpg\" data-link=\"https:\/\/retotech.fundacionendesa.org\/multisite\/img_20210612_121658-2\/\" class=\"wp-image-9036\" srcset=\"https:\/\/retotech.fundacionendesa.org\/multisite\/wp-content\/uploads\/sites\/3\/2021\/06\/IMG_20210612_121658-1-1024x577.jpg 1024w, https:\/\/retotech.fundacionendesa.org\/multisite\/wp-content\/uploads\/sites\/3\/2021\/06\/IMG_20210612_121658-1-300x169.jpg 300w, https:\/\/retotech.fundacionendesa.org\/multisite\/wp-content\/uploads\/sites\/3\/2021\/06\/IMG_20210612_121658-1-768x432.jpg 768w, https:\/\/retotech.fundacionendesa.org\/multisite\/wp-content\/uploads\/sites\/3\/2021\/06\/IMG_20210612_121658-1-1536x865.jpg 1536w, https:\/\/retotech.fundacionendesa.org\/multisite\/wp-content\/uploads\/sites\/3\/2021\/06\/IMG_20210612_121658-1-2048x1153.jpg 2048w\" sizes=\"(max-width: 1024px) 100vw, 1024px\" \/><\/figure><\/li><li class=\"blocks-gallery-item\"><figure><img loading=\"lazy\" decoding=\"async\" width=\"1024\" height=\"577\" src=\"https:\/\/retotech.fundacionendesa.org\/multisite\/wp-content\/uploads\/sites\/3\/2021\/06\/IMG_20210612_121701-1024x577.jpg\" alt=\"\" data-id=\"9033\" data-full-url=\"https:\/\/retotech.fundacionendesa.org\/multisite\/wp-content\/uploads\/sites\/3\/2021\/06\/IMG_20210612_121701-scaled.jpg\" data-link=\"https:\/\/retotech.fundacionendesa.org\/multisite\/img_20210612_121701\/\" class=\"wp-image-9033\" srcset=\"https:\/\/retotech.fundacionendesa.org\/multisite\/wp-content\/uploads\/sites\/3\/2021\/06\/IMG_20210612_121701-1024x577.jpg 1024w, https:\/\/retotech.fundacionendesa.org\/multisite\/wp-content\/uploads\/sites\/3\/2021\/06\/IMG_20210612_121701-300x169.jpg 300w, https:\/\/retotech.fundacionendesa.org\/multisite\/wp-content\/uploads\/sites\/3\/2021\/06\/IMG_20210612_121701-768x432.jpg 768w, https:\/\/retotech.fundacionendesa.org\/multisite\/wp-content\/uploads\/sites\/3\/2021\/06\/IMG_20210612_121701-1536x865.jpg 1536w, https:\/\/retotech.fundacionendesa.org\/multisite\/wp-content\/uploads\/sites\/3\/2021\/06\/IMG_20210612_121701-2048x1153.jpg 2048w\" sizes=\"(max-width: 1024px) 100vw, 1024px\" \/><\/figure><\/li><li class=\"blocks-gallery-item\"><figure><img loading=\"lazy\" decoding=\"async\" width=\"1024\" height=\"577\" src=\"https:\/\/retotech.fundacionendesa.org\/multisite\/wp-content\/uploads\/sites\/3\/2021\/06\/IMG_20210612_121654-1024x577.jpg\" alt=\"\" data-id=\"9031\" data-full-url=\"https:\/\/retotech.fundacionendesa.org\/multisite\/wp-content\/uploads\/sites\/3\/2021\/06\/IMG_20210612_121654-scaled.jpg\" data-link=\"https:\/\/retotech.fundacionendesa.org\/multisite\/img_20210612_121654\/\" class=\"wp-image-9031\" srcset=\"https:\/\/retotech.fundacionendesa.org\/multisite\/wp-content\/uploads\/sites\/3\/2021\/06\/IMG_20210612_121654-1024x577.jpg 1024w, https:\/\/retotech.fundacionendesa.org\/multisite\/wp-content\/uploads\/sites\/3\/2021\/06\/IMG_20210612_121654-300x169.jpg 300w, https:\/\/retotech.fundacionendesa.org\/multisite\/wp-content\/uploads\/sites\/3\/2021\/06\/IMG_20210612_121654-768x432.jpg 768w, https:\/\/retotech.fundacionendesa.org\/multisite\/wp-content\/uploads\/sites\/3\/2021\/06\/IMG_20210612_121654-1536x865.jpg 1536w, https:\/\/retotech.fundacionendesa.org\/multisite\/wp-content\/uploads\/sites\/3\/2021\/06\/IMG_20210612_121654-2048x1153.jpg 2048w\" sizes=\"(max-width: 1024px) 100vw, 1024px\" \/><\/figure><\/li><\/ul><\/figure>\n\n\n\n<p>Nos ha costado mucho vernos, estar juntos las sesiones en las que qued\u00e1bamos a trabajar, coincidir m\u00e1s de 4 personas, y trabajar de verdad, pero mirando ahora estas \u00faltimas dos semanas ha sido una gozada la autonom\u00eda, el acompa\u00f1amiento de los mayores a los chicos, la creatividad para salir de problemas que iban apareciendo&#8230;.<\/p>\n\n\n\n<p>Y hemos aprendido otra cosa. A planificar, a organizar, y a que de cada error se aprende (ya sabemos que pintar con spray el corcho blanco lo deshace&#8230; \ud83d\ude41 )<\/p>\n\n\n\n<figure class=\"wp-block-gallery columns-3 is-cropped wp-block-gallery-3 is-layout-flex wp-block-gallery-is-layout-flex\"><ul class=\"blocks-gallery-grid\"><li class=\"blocks-gallery-item\"><figure><img loading=\"lazy\" decoding=\"async\" width=\"1024\" height=\"577\" src=\"https:\/\/retotech.fundacionendesa.org\/multisite\/wp-content\/uploads\/sites\/3\/2021\/06\/IMG_20210614_213727-1024x577.jpg\" alt=\"\" data-id=\"9025\" data-full-url=\"https:\/\/retotech.fundacionendesa.org\/multisite\/wp-content\/uploads\/sites\/3\/2021\/06\/IMG_20210614_213727-scaled.jpg\" data-link=\"https:\/\/retotech.fundacionendesa.org\/multisite\/img_20210614_213727\/\" class=\"wp-image-9025\" srcset=\"https:\/\/retotech.fundacionendesa.org\/multisite\/wp-content\/uploads\/sites\/3\/2021\/06\/IMG_20210614_213727-1024x577.jpg 1024w, https:\/\/retotech.fundacionendesa.org\/multisite\/wp-content\/uploads\/sites\/3\/2021\/06\/IMG_20210614_213727-300x169.jpg 300w, https:\/\/retotech.fundacionendesa.org\/multisite\/wp-content\/uploads\/sites\/3\/2021\/06\/IMG_20210614_213727-768x432.jpg 768w, https:\/\/retotech.fundacionendesa.org\/multisite\/wp-content\/uploads\/sites\/3\/2021\/06\/IMG_20210614_213727-1536x865.jpg 1536w, https:\/\/retotech.fundacionendesa.org\/multisite\/wp-content\/uploads\/sites\/3\/2021\/06\/IMG_20210614_213727-2048x1153.jpg 2048w\" sizes=\"(max-width: 1024px) 100vw, 1024px\" \/><\/figure><\/li><li class=\"blocks-gallery-item\"><figure><img loading=\"lazy\" decoding=\"async\" width=\"1024\" height=\"577\" src=\"https:\/\/retotech.fundacionendesa.org\/multisite\/wp-content\/uploads\/sites\/3\/2021\/06\/IMG_20210614_213725-1024x577.jpg\" alt=\"\" data-id=\"9024\" data-full-url=\"https:\/\/retotech.fundacionendesa.org\/multisite\/wp-content\/uploads\/sites\/3\/2021\/06\/IMG_20210614_213725-scaled.jpg\" data-link=\"https:\/\/retotech.fundacionendesa.org\/multisite\/img_20210614_213725\/\" class=\"wp-image-9024\" srcset=\"https:\/\/retotech.fundacionendesa.org\/multisite\/wp-content\/uploads\/sites\/3\/2021\/06\/IMG_20210614_213725-1024x577.jpg 1024w, https:\/\/retotech.fundacionendesa.org\/multisite\/wp-content\/uploads\/sites\/3\/2021\/06\/IMG_20210614_213725-300x169.jpg 300w, https:\/\/retotech.fundacionendesa.org\/multisite\/wp-content\/uploads\/sites\/3\/2021\/06\/IMG_20210614_213725-768x432.jpg 768w, https:\/\/retotech.fundacionendesa.org\/multisite\/wp-content\/uploads\/sites\/3\/2021\/06\/IMG_20210614_213725-1536x865.jpg 1536w, https:\/\/retotech.fundacionendesa.org\/multisite\/wp-content\/uploads\/sites\/3\/2021\/06\/IMG_20210614_213725-2048x1153.jpg 2048w\" sizes=\"(max-width: 1024px) 100vw, 1024px\" \/><\/figure><\/li><li class=\"blocks-gallery-item\"><figure><img loading=\"lazy\" decoding=\"async\" width=\"1024\" height=\"577\" src=\"https:\/\/retotech.fundacionendesa.org\/multisite\/wp-content\/uploads\/sites\/3\/2021\/06\/IMG_20210614_213715-1024x577.jpg\" alt=\"\" data-id=\"9023\" data-full-url=\"https:\/\/retotech.fundacionendesa.org\/multisite\/wp-content\/uploads\/sites\/3\/2021\/06\/IMG_20210614_213715-scaled.jpg\" data-link=\"https:\/\/retotech.fundacionendesa.org\/multisite\/img_20210614_213715\/\" class=\"wp-image-9023\" srcset=\"https:\/\/retotech.fundacionendesa.org\/multisite\/wp-content\/uploads\/sites\/3\/2021\/06\/IMG_20210614_213715-1024x577.jpg 1024w, https:\/\/retotech.fundacionendesa.org\/multisite\/wp-content\/uploads\/sites\/3\/2021\/06\/IMG_20210614_213715-300x169.jpg 300w, https:\/\/retotech.fundacionendesa.org\/multisite\/wp-content\/uploads\/sites\/3\/2021\/06\/IMG_20210614_213715-768x432.jpg 768w, https:\/\/retotech.fundacionendesa.org\/multisite\/wp-content\/uploads\/sites\/3\/2021\/06\/IMG_20210614_213715-1536x865.jpg 1536w, https:\/\/retotech.fundacionendesa.org\/multisite\/wp-content\/uploads\/sites\/3\/2021\/06\/IMG_20210614_213715-2048x1153.jpg 2048w\" sizes=\"(max-width: 1024px) 100vw, 1024px\" \/><\/figure><\/li><li class=\"blocks-gallery-item\"><figure><img loading=\"lazy\" decoding=\"async\" width=\"1024\" height=\"577\" src=\"https:\/\/retotech.fundacionendesa.org\/multisite\/wp-content\/uploads\/sites\/3\/2021\/06\/IMG_20210614_213712-1024x577.jpg\" alt=\"\" data-id=\"9022\" data-full-url=\"https:\/\/retotech.fundacionendesa.org\/multisite\/wp-content\/uploads\/sites\/3\/2021\/06\/IMG_20210614_213712-scaled.jpg\" data-link=\"https:\/\/retotech.fundacionendesa.org\/multisite\/img_20210614_213712\/\" class=\"wp-image-9022\" srcset=\"https:\/\/retotech.fundacionendesa.org\/multisite\/wp-content\/uploads\/sites\/3\/2021\/06\/IMG_20210614_213712-1024x577.jpg 1024w, https:\/\/retotech.fundacionendesa.org\/multisite\/wp-content\/uploads\/sites\/3\/2021\/06\/IMG_20210614_213712-300x169.jpg 300w, https:\/\/retotech.fundacionendesa.org\/multisite\/wp-content\/uploads\/sites\/3\/2021\/06\/IMG_20210614_213712-768x432.jpg 768w, https:\/\/retotech.fundacionendesa.org\/multisite\/wp-content\/uploads\/sites\/3\/2021\/06\/IMG_20210614_213712-1536x865.jpg 1536w, https:\/\/retotech.fundacionendesa.org\/multisite\/wp-content\/uploads\/sites\/3\/2021\/06\/IMG_20210614_213712-2048x1153.jpg 2048w\" sizes=\"(max-width: 1024px) 100vw, 1024px\" \/><\/figure><\/li><\/ul><\/figure>\n\n\n\n<p>Lejos de desanimarnos, hemos ido creciendo d\u00eda a d\u00eda, y eso ha permitido que hayamos pasado unas horas incre\u00edbles en el colegio (\u00a1qui\u00e9n lo iba a decir!). Nos gustar\u00eda dar las gracias tanto a Endesa como a BQ por su confianza al permitirnos participar un a\u00f1o m\u00e1s en esta edici\u00f3n, por su ayuda en estos meses, tanto a nivel de formaci\u00f3n, soporte t\u00e9cnico y por el material que nos han aportado. Ha sido una maravilla poder contar con esta experiencia para que nuestros alumnos vean y \u201ctoquen\u201d lo que implica elaborar un proyecto de principio a fin en esta era digital tan propia de ellos.<\/p>\n\n\n\n<figure class=\"wp-block-gallery columns-3 is-cropped wp-block-gallery-4 is-layout-flex wp-block-gallery-is-layout-flex\"><ul class=\"blocks-gallery-grid\"><li class=\"blocks-gallery-item\"><figure><img loading=\"lazy\" decoding=\"async\" width=\"539\" height=\"582\" src=\"https:\/\/retotech.fundacionendesa.org\/multisite\/wp-content\/uploads\/sites\/3\/2021\/06\/Captura6.png\" alt=\"\" data-id=\"9046\" data-full-url=\"https:\/\/retotech.fundacionendesa.org\/multisite\/wp-content\/uploads\/sites\/3\/2021\/06\/Captura6.png\" data-link=\"https:\/\/retotech.fundacionendesa.org\/multisite\/?attachment_id=9046\" class=\"wp-image-9046\" srcset=\"https:\/\/retotech.fundacionendesa.org\/multisite\/wp-content\/uploads\/sites\/3\/2021\/06\/Captura6.png 539w, https:\/\/retotech.fundacionendesa.org\/multisite\/wp-content\/uploads\/sites\/3\/2021\/06\/Captura6-278x300.png 278w\" sizes=\"(max-width: 539px) 100vw, 539px\" \/><\/figure><\/li><li class=\"blocks-gallery-item\"><figure><img loading=\"lazy\" decoding=\"async\" width=\"1024\" height=\"501\" src=\"https:\/\/retotech.fundacionendesa.org\/multisite\/wp-content\/uploads\/sites\/3\/2021\/06\/Captura5-1024x501.png\" alt=\"\" data-id=\"9047\" data-full-url=\"https:\/\/retotech.fundacionendesa.org\/multisite\/wp-content\/uploads\/sites\/3\/2021\/06\/Captura5.png\" data-link=\"https:\/\/retotech.fundacionendesa.org\/multisite\/?attachment_id=9047\" class=\"wp-image-9047\" srcset=\"https:\/\/retotech.fundacionendesa.org\/multisite\/wp-content\/uploads\/sites\/3\/2021\/06\/Captura5-1024x501.png 1024w, https:\/\/retotech.fundacionendesa.org\/multisite\/wp-content\/uploads\/sites\/3\/2021\/06\/Captura5-300x147.png 300w, https:\/\/retotech.fundacionendesa.org\/multisite\/wp-content\/uploads\/sites\/3\/2021\/06\/Captura5-768x375.png 768w, https:\/\/retotech.fundacionendesa.org\/multisite\/wp-content\/uploads\/sites\/3\/2021\/06\/Captura5.png 1080w\" sizes=\"(max-width: 1024px) 100vw, 1024px\" \/><\/figure><\/li><li class=\"blocks-gallery-item\"><figure><img loading=\"lazy\" decoding=\"async\" width=\"1024\" height=\"559\" src=\"https:\/\/retotech.fundacionendesa.org\/multisite\/wp-content\/uploads\/sites\/3\/2021\/06\/Captura4-1024x559.png\" alt=\"\" data-id=\"9048\" data-full-url=\"https:\/\/retotech.fundacionendesa.org\/multisite\/wp-content\/uploads\/sites\/3\/2021\/06\/Captura4.png\" data-link=\"https:\/\/retotech.fundacionendesa.org\/multisite\/?attachment_id=9048\" class=\"wp-image-9048\" srcset=\"https:\/\/retotech.fundacionendesa.org\/multisite\/wp-content\/uploads\/sites\/3\/2021\/06\/Captura4-1024x559.png 1024w, https:\/\/retotech.fundacionendesa.org\/multisite\/wp-content\/uploads\/sites\/3\/2021\/06\/Captura4-300x164.png 300w, https:\/\/retotech.fundacionendesa.org\/multisite\/wp-content\/uploads\/sites\/3\/2021\/06\/Captura4-768x419.png 768w, https:\/\/retotech.fundacionendesa.org\/multisite\/wp-content\/uploads\/sites\/3\/2021\/06\/Captura4.png 1108w\" sizes=\"(max-width: 1024px) 100vw, 1024px\" \/><\/figure><\/li><li class=\"blocks-gallery-item\"><figure><img loading=\"lazy\" decoding=\"async\" width=\"976\" height=\"576\" src=\"https:\/\/retotech.fundacionendesa.org\/multisite\/wp-content\/uploads\/sites\/3\/2021\/06\/Captura3.png\" alt=\"\" data-id=\"9049\" data-full-url=\"https:\/\/retotech.fundacionendesa.org\/multisite\/wp-content\/uploads\/sites\/3\/2021\/06\/Captura3.png\" data-link=\"https:\/\/retotech.fundacionendesa.org\/multisite\/?attachment_id=9049\" class=\"wp-image-9049\" srcset=\"https:\/\/retotech.fundacionendesa.org\/multisite\/wp-content\/uploads\/sites\/3\/2021\/06\/Captura3.png 976w, https:\/\/retotech.fundacionendesa.org\/multisite\/wp-content\/uploads\/sites\/3\/2021\/06\/Captura3-300x177.png 300w, https:\/\/retotech.fundacionendesa.org\/multisite\/wp-content\/uploads\/sites\/3\/2021\/06\/Captura3-768x453.png 768w\" sizes=\"(max-width: 976px) 100vw, 976px\" \/><\/figure><\/li><li class=\"blocks-gallery-item\"><figure><img loading=\"lazy\" decoding=\"async\" width=\"1024\" height=\"487\" src=\"https:\/\/retotech.fundacionendesa.org\/multisite\/wp-content\/uploads\/sites\/3\/2021\/06\/Captura2-1024x487.png\" alt=\"\" data-id=\"9051\" data-full-url=\"https:\/\/retotech.fundacionendesa.org\/multisite\/wp-content\/uploads\/sites\/3\/2021\/06\/Captura2.png\" data-link=\"https:\/\/retotech.fundacionendesa.org\/multisite\/2021\/06\/23\/merece-la-pena\/captura2\/\" class=\"wp-image-9051\" srcset=\"https:\/\/retotech.fundacionendesa.org\/multisite\/wp-content\/uploads\/sites\/3\/2021\/06\/Captura2-1024x487.png 1024w, https:\/\/retotech.fundacionendesa.org\/multisite\/wp-content\/uploads\/sites\/3\/2021\/06\/Captura2-300x143.png 300w, https:\/\/retotech.fundacionendesa.org\/multisite\/wp-content\/uploads\/sites\/3\/2021\/06\/Captura2-768x366.png 768w, https:\/\/retotech.fundacionendesa.org\/multisite\/wp-content\/uploads\/sites\/3\/2021\/06\/Captura2.png 1124w\" sizes=\"(max-width: 1024px) 100vw, 1024px\" \/><\/figure><\/li><li class=\"blocks-gallery-item\"><figure><img loading=\"lazy\" decoding=\"async\" width=\"972\" height=\"478\" src=\"https:\/\/retotech.fundacionendesa.org\/multisite\/wp-content\/uploads\/sites\/3\/2021\/06\/Captura.png\" alt=\"\" data-id=\"9052\" data-full-url=\"https:\/\/retotech.fundacionendesa.org\/multisite\/wp-content\/uploads\/sites\/3\/2021\/06\/Captura.png\" data-link=\"https:\/\/retotech.fundacionendesa.org\/multisite\/2021\/06\/23\/merece-la-pena\/captura-4\/\" class=\"wp-image-9052\" srcset=\"https:\/\/retotech.fundacionendesa.org\/multisite\/wp-content\/uploads\/sites\/3\/2021\/06\/Captura.png 972w, https:\/\/retotech.fundacionendesa.org\/multisite\/wp-content\/uploads\/sites\/3\/2021\/06\/Captura-300x148.png 300w, https:\/\/retotech.fundacionendesa.org\/multisite\/wp-content\/uploads\/sites\/3\/2021\/06\/Captura-768x378.png 768w\" sizes=\"(max-width: 972px) 100vw, 972px\" \/><\/figure><\/li><\/ul><\/figure>\n\n\n\n<p>La experiencia de Retotech nos ha permitido pensar en nuestro centro. Redirigir un proyecto que estaba centrado en el aula, en el \u00abaqu\u00ed y ahora\u00bb a un proyecto global, que cuide el medioambiente, que reaprovecha recursos (reconvertir nuestros medidores de di\u00f3xido de carbono), y sabre que lo empezado es un camino, no una meta.<\/p>\n\n\n\n<p>Y hay una cosa que desde luego tenemos clara: \u00a1queremos volver el a\u00f1o que viene! Ojal\u00e1 Retotech 2021-22 siga interesado en contar con el Colegio Virgen de Atocha &#8211; FESD para continuar ese camino de mejorar nuestra sociedad gracias a la tecnolog\u00eda.<\/p>\n\n\n\n<figure class=\"wp-block-gallery columns-2 is-cropped wp-block-gallery-5 is-layout-flex wp-block-gallery-is-layout-flex\"><ul class=\"blocks-gallery-grid\"><li class=\"blocks-gallery-item\"><figure><img loading=\"lazy\" decoding=\"async\" width=\"768\" height=\"1024\" src=\"https:\/\/retotech.fundacionendesa.org\/multisite\/wp-content\/uploads\/sites\/3\/2021\/06\/55d8f02a64b740a0afcf4ac792a1fbc1-768x1024.jpg\" alt=\"\" data-id=\"9030\" data-full-url=\"https:\/\/retotech.fundacionendesa.org\/multisite\/wp-content\/uploads\/sites\/3\/2021\/06\/55d8f02a64b740a0afcf4ac792a1fbc1.jpg\" data-link=\"https:\/\/retotech.fundacionendesa.org\/multisite\/55d8f02a64b740a0afcf4ac792a1fbc1\/\" class=\"wp-image-9030\" srcset=\"https:\/\/retotech.fundacionendesa.org\/multisite\/wp-content\/uploads\/sites\/3\/2021\/06\/55d8f02a64b740a0afcf4ac792a1fbc1-768x1024.jpg 768w, https:\/\/retotech.fundacionendesa.org\/multisite\/wp-content\/uploads\/sites\/3\/2021\/06\/55d8f02a64b740a0afcf4ac792a1fbc1-225x300.jpg 225w, https:\/\/retotech.fundacionendesa.org\/multisite\/wp-content\/uploads\/sites\/3\/2021\/06\/55d8f02a64b740a0afcf4ac792a1fbc1-1152x1536.jpg 1152w, https:\/\/retotech.fundacionendesa.org\/multisite\/wp-content\/uploads\/sites\/3\/2021\/06\/55d8f02a64b740a0afcf4ac792a1fbc1.jpg 1512w\" sizes=\"(max-width: 768px) 100vw, 768px\" \/><\/figure><\/li><li class=\"blocks-gallery-item\"><figure><img loading=\"lazy\" decoding=\"async\" width=\"768\" height=\"1024\" src=\"https:\/\/retotech.fundacionendesa.org\/multisite\/wp-content\/uploads\/sites\/3\/2021\/06\/IMG-20210608-WA0002-768x1024.jpg\" alt=\"\" data-id=\"9027\" data-full-url=\"https:\/\/retotech.fundacionendesa.org\/multisite\/wp-content\/uploads\/sites\/3\/2021\/06\/IMG-20210608-WA0002.jpg\" data-link=\"https:\/\/retotech.fundacionendesa.org\/multisite\/img-20210608-wa0002\/\" class=\"wp-image-9027\" srcset=\"https:\/\/retotech.fundacionendesa.org\/multisite\/wp-content\/uploads\/sites\/3\/2021\/06\/IMG-20210608-WA0002-768x1024.jpg 768w, https:\/\/retotech.fundacionendesa.org\/multisite\/wp-content\/uploads\/sites\/3\/2021\/06\/IMG-20210608-WA0002-225x300.jpg 225w, https:\/\/retotech.fundacionendesa.org\/multisite\/wp-content\/uploads\/sites\/3\/2021\/06\/IMG-20210608-WA0002-1152x1536.jpg 1152w, https:\/\/retotech.fundacionendesa.org\/multisite\/wp-content\/uploads\/sites\/3\/2021\/06\/IMG-20210608-WA0002.jpg 1536w\" sizes=\"(max-width: 768px) 100vw, 768px\" \/><\/figure><\/li><\/ul><\/figure>\n\n\n\n<figure class=\"wp-block-embed is-type-wp-embed is-provider-genially wp-block-embed-genially\"><div class=\"wp-block-embed__wrapper\">\n<iframe class=\"wp-embedded-content\" sandbox=\"allow-scripts\" security=\"restricted\" title=\"VIDEOPRESENTACI\u00d3N GENIAL\" frameborder='0' width='1200' height='675' src='https:\/\/view.genial.ly\/609d580e7d37bd0d92797ddf#?secret=pSqEq6iLcU' data-secret='pSqEq6iLcU' scrolling='yes'><\/iframe>\n<\/div><\/figure>\n\n\n\n<p>As\u00ed que gracias a TODOS los alumnos que han participado en alguna de las tareas, labores y fases del proyecto. Gracias a las familias del colegio por su confianza y ayuda. Gracias a TODOS los que han visto nuestro v\u00eddeo y nos han dado su confianza con su voto. Y gracias a la organizaci\u00f3n por esta oportunidad. Seguro que el a\u00f1o que viene lograremos hacerlo mejor en lo t\u00e9cnico. En lo experiencial es insuperable.<\/p>\n\n\n\n<p>Una vez m\u00e1s, gracias, y hasta el a\u00f1o que viene<\/p>\n","protected":false},"excerpt":{"rendered":"<p>Tras la experiencia \u00abfallida\u00bb del a\u00f1o pasado, todos ten\u00edamos muchas ganas de que pudi\u00e9ramos tener un evento Retotech de nuevo.<\/p>\n","protected":false},"author":2042,"featured_media":0,"comment_status":"open","ping_status":"open","sticky":false,"template":"","format":"standard","meta":{"footnotes":""},"categories":[4],"tags":[243],"class_list":["post-9015","post","type-post","status-publish","format-standard","hentry","category-blog-retotech","tag-somosfesd-vactochasemueve-retotech-espirituretotech-compost-cuidamosmedioambiente-retotech_fundacion_endesa-colegio-virgen-de-atocha-fesd"],"_links":{"self":[{"href":"https:\/\/retotech.fundacionendesa.org\/multisite\/wp-json\/wp\/v2\/posts\/9015"}],"collection":[{"href":"https:\/\/retotech.fundacionendesa.org\/multisite\/wp-json\/wp\/v2\/posts"}],"about":[{"href":"https:\/\/retotech.fundacionendesa.org\/multisite\/wp-json\/wp\/v2\/types\/post"}],"author":[{"embeddable":true,"href":"https:\/\/retotech.fundacionendesa.org\/multisite\/wp-json\/wp\/v2\/users\/2042"}],"replies":[{"embeddable":true,"href":"https:\/\/retotech.fundacionendesa.org\/multisite\/wp-json\/wp\/v2\/comments?post=9015"}],"version-history":[{"count":5,"href":"https:\/\/retotech.fundacionendesa.org\/multisite\/wp-json\/wp\/v2\/posts\/9015\/revisions"}],"predecessor-version":[{"id":9053,"href":"https:\/\/retotech.fundacionendesa.org\/multisite\/wp-json\/wp\/v2\/posts\/9015\/revisions\/9053"}],"wp:attachment":[{"href":"https:\/\/retotech.fundacionendesa.org\/multisite\/wp-json\/wp\/v2\/media?parent=9015"}],"wp:term":[{"taxonomy":"category","embeddable":true,"href":"https:\/\/retotech.fundacionendesa.org\/multisite\/wp-json\/wp\/v2\/categories?post=9015"},{"taxonomy":"post_tag","embeddable":true,"href":"https:\/\/retotech.fundacionendesa.org\/multisite\/wp-json\/wp\/v2\/tags?post=9015"}],"curies":[{"name":"wp","href":"https:\/\/api.w.org\/{rel}","templated":true}]}}