{"id":8801,"date":"2021-06-17T06:21:53","date_gmt":"2021-06-17T06:21:53","guid":{"rendered":"http:\/\/retotech.fundacionendesa.org\/multisite\/?p=8801"},"modified":"2021-06-17T06:21:53","modified_gmt":"2021-06-17T06:21:53","slug":"nos-despedimos-hasta-el-proximo-curso","status":"publish","type":"post","link":"https:\/\/retotech.fundacionendesa.org\/multisite\/2021\/06\/17\/nos-despedimos-hasta-el-proximo-curso\/","title":{"rendered":"Nos despedimos hasta el pr\u00f3ximo curso"},"content":{"rendered":"\n<p>Tras el evento final, en el que los alumnos se divirtieron viendo los distintos proyectos, llegaron a un final con una mezcla de nervios, alivio y tristeza.<\/p>\n\n\n\n<figure class=\"wp-block-image size-large\"><img loading=\"lazy\" decoding=\"async\" width=\"1024\" height=\"768\" src=\"https:\/\/retotech.fundacionendesa.org\/multisite\/wp-content\/uploads\/sites\/3\/2021\/06\/IMG_1395-1024x768.jpg\" alt=\"\" class=\"wp-image-8802\" srcset=\"https:\/\/retotech.fundacionendesa.org\/multisite\/wp-content\/uploads\/sites\/3\/2021\/06\/IMG_1395-1024x768.jpg 1024w, https:\/\/retotech.fundacionendesa.org\/multisite\/wp-content\/uploads\/sites\/3\/2021\/06\/IMG_1395-300x225.jpg 300w, https:\/\/retotech.fundacionendesa.org\/multisite\/wp-content\/uploads\/sites\/3\/2021\/06\/IMG_1395-768x576.jpg 768w, https:\/\/retotech.fundacionendesa.org\/multisite\/wp-content\/uploads\/sites\/3\/2021\/06\/IMG_1395-1536x1152.jpg 1536w, https:\/\/retotech.fundacionendesa.org\/multisite\/wp-content\/uploads\/sites\/3\/2021\/06\/IMG_1395-rotated.jpg 2016w\" sizes=\"(max-width: 1024px) 100vw, 1024px\" \/><\/figure>\n\n\n\n<p>Nervios porque era la hora de la verdad y tras un trabajo tan duro era el momento de presentarlo a los dem\u00e1s centros.<\/p>\n\n\n\n<figure class=\"wp-block-image size-large\"><img loading=\"lazy\" decoding=\"async\" width=\"1024\" height=\"768\" src=\"https:\/\/retotech.fundacionendesa.org\/multisite\/wp-content\/uploads\/sites\/3\/2021\/06\/IMG_1388-1024x768.jpg\" alt=\"\" class=\"wp-image-8803\" srcset=\"https:\/\/retotech.fundacionendesa.org\/multisite\/wp-content\/uploads\/sites\/3\/2021\/06\/IMG_1388-1024x768.jpg 1024w, https:\/\/retotech.fundacionendesa.org\/multisite\/wp-content\/uploads\/sites\/3\/2021\/06\/IMG_1388-300x225.jpg 300w, https:\/\/retotech.fundacionendesa.org\/multisite\/wp-content\/uploads\/sites\/3\/2021\/06\/IMG_1388-768x576.jpg 768w, https:\/\/retotech.fundacionendesa.org\/multisite\/wp-content\/uploads\/sites\/3\/2021\/06\/IMG_1388-1536x1152.jpg 1536w, https:\/\/retotech.fundacionendesa.org\/multisite\/wp-content\/uploads\/sites\/3\/2021\/06\/IMG_1388.jpg 2016w\" sizes=\"(max-width: 1024px) 100vw, 1024px\" \/><\/figure>\n\n\n\n<p>Alivio por acabar con la presi\u00f3n tras la presentaci\u00f3n.<\/p>\n\n\n\n<p>Y tristeza por el dram\u00e1tico acontecimiento que nos zarande\u00f3 el d\u00eda 7 de junio, d\u00eda anterior al evento: el fallecimiento repentino de nuestro compa\u00f1ero Jes\u00fas Matos, el monje de nuestro v\u00eddeo de presentaci\u00f3n al certamen.<\/p>\n\n\n\n<p>Fueron momentos muy duros en el que nos planteamos no asistir a las presentaciones finales, pero sabemos que \u00e9l considerar\u00eda que deber\u00edamos continuar hacia adelante con toda la ilusi\u00f3n de siempre. Va por \u00e9l. Te queremos y no te olvidamos.<\/p>\n\n\n\n<figure class=\"wp-block-embed is-type-video is-provider-youtube wp-block-embed-youtube wp-embed-aspect-16-9 wp-has-aspect-ratio\"><div class=\"wp-block-embed__wrapper\">\n<iframe loading=\"lazy\" title=\"RETOTECH IES SANTO DOMINGO\" width=\"840\" height=\"473\" src=\"https:\/\/www.youtube.com\/embed\/JJ0fKm6wEEk?feature=oembed\" frameborder=\"0\" allow=\"accelerometer; autoplay; clipboard-write; encrypted-media; gyroscope; picture-in-picture\" allowfullscreen><\/iframe>\n<\/div><\/figure>\n","protected":false},"excerpt":{"rendered":"<p>Tras el evento final, en el que los alumnos se divirtieron viendo los distintos proyectos, llegaron a un final con<\/p>\n","protected":false},"author":2884,"featured_media":0,"comment_status":"open","ping_status":"open","sticky":false,"template":"","format":"standard","meta":{"footnotes":""},"categories":[4],"tags":[],"class_list":["post-8801","post","type-post","status-publish","format-standard","hentry","category-blog-retotech"],"_links":{"self":[{"href":"https:\/\/retotech.fundacionendesa.org\/multisite\/wp-json\/wp\/v2\/posts\/8801"}],"collection":[{"href":"https:\/\/retotech.fundacionendesa.org\/multisite\/wp-json\/wp\/v2\/posts"}],"about":[{"href":"https:\/\/retotech.fundacionendesa.org\/multisite\/wp-json\/wp\/v2\/types\/post"}],"author":[{"embeddable":true,"href":"https:\/\/retotech.fundacionendesa.org\/multisite\/wp-json\/wp\/v2\/users\/2884"}],"replies":[{"embeddable":true,"href":"https:\/\/retotech.fundacionendesa.org\/multisite\/wp-json\/wp\/v2\/comments?post=8801"}],"version-history":[{"count":1,"href":"https:\/\/retotech.fundacionendesa.org\/multisite\/wp-json\/wp\/v2\/posts\/8801\/revisions"}],"predecessor-version":[{"id":8804,"href":"https:\/\/retotech.fundacionendesa.org\/multisite\/wp-json\/wp\/v2\/posts\/8801\/revisions\/8804"}],"wp:attachment":[{"href":"https:\/\/retotech.fundacionendesa.org\/multisite\/wp-json\/wp\/v2\/media?parent=8801"}],"wp:term":[{"taxonomy":"category","embeddable":true,"href":"https:\/\/retotech.fundacionendesa.org\/multisite\/wp-json\/wp\/v2\/categories?post=8801"},{"taxonomy":"post_tag","embeddable":true,"href":"https:\/\/retotech.fundacionendesa.org\/multisite\/wp-json\/wp\/v2\/tags?post=8801"}],"curies":[{"name":"wp","href":"https:\/\/api.w.org\/{rel}","templated":true}]}}