{"id":8087,"date":"2021-05-31T18:14:04","date_gmt":"2021-05-31T18:14:04","guid":{"rendered":"http:\/\/retotech.fundacionendesa.org\/multisite\/?p=8087"},"modified":"2021-05-31T18:19:55","modified_gmt":"2021-05-31T18:19:55","slug":"acabant-els-nostres-hivernacles","status":"publish","type":"post","link":"https:\/\/retotech.fundacionendesa.org\/multisite\/2021\/05\/31\/acabant-els-nostres-hivernacles\/","title":{"rendered":"Acabant els nostres hivernacles"},"content":{"rendered":"\n<p>Els nostres hivernacles avancen a bon ritme! Les estructures estan gaireb\u00e9 acabades. Les hem fet amb barretes de fusta unides amb peces que hem dissenyat i impr\u00e9s en 3D.<\/p>\n\n\n\n<figure class=\"wp-block-image size-large\"><img loading=\"lazy\" decoding=\"async\" width=\"1024\" height=\"766\" src=\"https:\/\/retotech.fundacionendesa.org\/multisite\/wp-content\/uploads\/sites\/3\/2021\/05\/03-1-1024x766.jpg\" alt=\"\" class=\"wp-image-8096\" srcset=\"https:\/\/retotech.fundacionendesa.org\/multisite\/wp-content\/uploads\/sites\/3\/2021\/05\/03-1-1024x766.jpg 1024w, https:\/\/retotech.fundacionendesa.org\/multisite\/wp-content\/uploads\/sites\/3\/2021\/05\/03-1-300x224.jpg 300w, https:\/\/retotech.fundacionendesa.org\/multisite\/wp-content\/uploads\/sites\/3\/2021\/05\/03-1-768x575.jpg 768w, https:\/\/retotech.fundacionendesa.org\/multisite\/wp-content\/uploads\/sites\/3\/2021\/05\/03-1-1536x1149.jpg 1536w, https:\/\/retotech.fundacionendesa.org\/multisite\/wp-content\/uploads\/sites\/3\/2021\/05\/03-1-2048x1533.jpg 2048w\" sizes=\"(max-width: 1024px) 100vw, 1024px\" \/><\/figure>\n\n\n\n<p>Hem fet un sistema de ventilaci\u00f3 autom\u00e0tica que es posa en marxa si la temperatura \u00e9s excessiva, i un sistema de reg autom\u00e0tic en funci\u00f3 de la humitat del s\u00f2l, amb vigil\u00e0ncia del nivell d&#8217;aigua al dip\u00f2sit amb un sensor d&#8217;ultrasons de manera que si no hi ha prou aigua per regar, s&#8217;activi una alarma.<\/p>\n\n\n\n<p>Hem aconseguit recullir les dades dels sensors de l&#8217;hivernacle amb el m\u00f2bil, de manera que puguem saber les necessitats de la planta en temps real.<\/p>\n\n\n\n<p>Us deixem algunes fotos de l&#8217;estat actual del nostre projecte:<\/p>\n\n\n\n<figure class=\"wp-block-gallery columns-3 is-cropped wp-block-gallery-1 is-layout-flex wp-block-gallery-is-layout-flex\"><ul class=\"blocks-gallery-grid\"><li class=\"blocks-gallery-item\"><figure><img loading=\"lazy\" decoding=\"async\" width=\"1024\" height=\"766\" src=\"https:\/\/retotech.fundacionendesa.org\/multisite\/wp-content\/uploads\/sites\/3\/2021\/05\/IMG_20210519_091932-1024x766.jpg\" alt=\"\" data-id=\"8097\" data-link=\"https:\/\/retotech.fundacionendesa.org\/multisite\/2021\/05\/31\/acabant-els-nostres-hivernacles\/img_20210519_091932\/\" class=\"wp-image-8097\" srcset=\"https:\/\/retotech.fundacionendesa.org\/multisite\/wp-content\/uploads\/sites\/3\/2021\/05\/IMG_20210519_091932-1024x766.jpg 1024w, https:\/\/retotech.fundacionendesa.org\/multisite\/wp-content\/uploads\/sites\/3\/2021\/05\/IMG_20210519_091932-300x224.jpg 300w, https:\/\/retotech.fundacionendesa.org\/multisite\/wp-content\/uploads\/sites\/3\/2021\/05\/IMG_20210519_091932-768x575.jpg 768w, https:\/\/retotech.fundacionendesa.org\/multisite\/wp-content\/uploads\/sites\/3\/2021\/05\/IMG_20210519_091932-1536x1149.jpg 1536w, https:\/\/retotech.fundacionendesa.org\/multisite\/wp-content\/uploads\/sites\/3\/2021\/05\/IMG_20210519_091932-2048x1532.jpg 2048w\" sizes=\"(max-width: 1024px) 100vw, 1024px\" \/><\/figure><\/li><li class=\"blocks-gallery-item\"><figure><img loading=\"lazy\" decoding=\"async\" width=\"1024\" height=\"766\" src=\"https:\/\/retotech.fundacionendesa.org\/multisite\/wp-content\/uploads\/sites\/3\/2021\/05\/IMG_20210519_091944-1024x766.jpg\" alt=\"\" data-id=\"8098\" data-link=\"https:\/\/retotech.fundacionendesa.org\/multisite\/2021\/05\/31\/acabant-els-nostres-hivernacles\/img_20210519_091944\/\" class=\"wp-image-8098\" srcset=\"https:\/\/retotech.fundacionendesa.org\/multisite\/wp-content\/uploads\/sites\/3\/2021\/05\/IMG_20210519_091944-1024x766.jpg 1024w, https:\/\/retotech.fundacionendesa.org\/multisite\/wp-content\/uploads\/sites\/3\/2021\/05\/IMG_20210519_091944-300x224.jpg 300w, https:\/\/retotech.fundacionendesa.org\/multisite\/wp-content\/uploads\/sites\/3\/2021\/05\/IMG_20210519_091944-768x575.jpg 768w, https:\/\/retotech.fundacionendesa.org\/multisite\/wp-content\/uploads\/sites\/3\/2021\/05\/IMG_20210519_091944-1536x1149.jpg 1536w, https:\/\/retotech.fundacionendesa.org\/multisite\/wp-content\/uploads\/sites\/3\/2021\/05\/IMG_20210519_091944-2048x1532.jpg 2048w\" sizes=\"(max-width: 1024px) 100vw, 1024px\" \/><\/figure><\/li><li class=\"blocks-gallery-item\"><figure><img loading=\"lazy\" decoding=\"async\" width=\"1024\" height=\"766\" src=\"https:\/\/retotech.fundacionendesa.org\/multisite\/wp-content\/uploads\/sites\/3\/2021\/05\/04-1-1024x766.jpg\" alt=\"\" data-id=\"8099\" data-full-url=\"https:\/\/retotech.fundacionendesa.org\/multisite\/wp-content\/uploads\/sites\/3\/2021\/05\/04-1-scaled.jpg\" data-link=\"https:\/\/retotech.fundacionendesa.org\/multisite\/2021\/05\/31\/acabant-els-nostres-hivernacles\/04-1\/\" class=\"wp-image-8099\" srcset=\"https:\/\/retotech.fundacionendesa.org\/multisite\/wp-content\/uploads\/sites\/3\/2021\/05\/04-1-1024x766.jpg 1024w, https:\/\/retotech.fundacionendesa.org\/multisite\/wp-content\/uploads\/sites\/3\/2021\/05\/04-1-300x224.jpg 300w, https:\/\/retotech.fundacionendesa.org\/multisite\/wp-content\/uploads\/sites\/3\/2021\/05\/04-1-768x575.jpg 768w, https:\/\/retotech.fundacionendesa.org\/multisite\/wp-content\/uploads\/sites\/3\/2021\/05\/04-1-1536x1149.jpg 1536w, https:\/\/retotech.fundacionendesa.org\/multisite\/wp-content\/uploads\/sites\/3\/2021\/05\/04-1-2048x1533.jpg 2048w\" sizes=\"(max-width: 1024px) 100vw, 1024px\" \/><\/figure><\/li><\/ul><\/figure>\n\n\n\n<figure class=\"wp-block-gallery columns-3 is-cropped wp-block-gallery-2 is-layout-flex wp-block-gallery-is-layout-flex\"><ul class=\"blocks-gallery-grid\"><li class=\"blocks-gallery-item\"><figure><img loading=\"lazy\" decoding=\"async\" width=\"1024\" height=\"766\" src=\"https:\/\/retotech.fundacionendesa.org\/multisite\/wp-content\/uploads\/sites\/3\/2021\/05\/1619114097994-1024x766.jpg\" alt=\"\" data-id=\"8091\" data-link=\"https:\/\/retotech.fundacionendesa.org\/multisite\/?attachment_id=8091\" class=\"wp-image-8091\" srcset=\"https:\/\/retotech.fundacionendesa.org\/multisite\/wp-content\/uploads\/sites\/3\/2021\/05\/1619114097994-1024x766.jpg 1024w, https:\/\/retotech.fundacionendesa.org\/multisite\/wp-content\/uploads\/sites\/3\/2021\/05\/1619114097994-300x224.jpg 300w, https:\/\/retotech.fundacionendesa.org\/multisite\/wp-content\/uploads\/sites\/3\/2021\/05\/1619114097994-768x575.jpg 768w, https:\/\/retotech.fundacionendesa.org\/multisite\/wp-content\/uploads\/sites\/3\/2021\/05\/1619114097994-1536x1149.jpg 1536w, https:\/\/retotech.fundacionendesa.org\/multisite\/wp-content\/uploads\/sites\/3\/2021\/05\/1619114097994-2048x1532.jpg 2048w\" sizes=\"(max-width: 1024px) 100vw, 1024px\" \/><\/figure><\/li><li class=\"blocks-gallery-item\"><figure><img loading=\"lazy\" decoding=\"async\" width=\"1024\" height=\"576\" src=\"https:\/\/retotech.fundacionendesa.org\/multisite\/wp-content\/uploads\/sites\/3\/2021\/05\/RT02-1024x576.png\" alt=\"\" data-id=\"8092\" data-link=\"https:\/\/retotech.fundacionendesa.org\/multisite\/?attachment_id=8092\" class=\"wp-image-8092\" srcset=\"https:\/\/retotech.fundacionendesa.org\/multisite\/wp-content\/uploads\/sites\/3\/2021\/05\/RT02-1024x576.png 1024w, https:\/\/retotech.fundacionendesa.org\/multisite\/wp-content\/uploads\/sites\/3\/2021\/05\/RT02-300x169.png 300w, https:\/\/retotech.fundacionendesa.org\/multisite\/wp-content\/uploads\/sites\/3\/2021\/05\/RT02-768x432.png 768w, https:\/\/retotech.fundacionendesa.org\/multisite\/wp-content\/uploads\/sites\/3\/2021\/05\/RT02.png 1366w\" sizes=\"(max-width: 1024px) 100vw, 1024px\" \/><\/figure><\/li><li class=\"blocks-gallery-item\"><figure><img loading=\"lazy\" decoding=\"async\" width=\"930\" height=\"523\" src=\"https:\/\/retotech.fundacionendesa.org\/multisite\/wp-content\/uploads\/sites\/3\/2021\/05\/peces.jpg\" alt=\"\" data-id=\"8093\" data-full-url=\"https:\/\/retotech.fundacionendesa.org\/multisite\/wp-content\/uploads\/sites\/3\/2021\/05\/peces.jpg\" data-link=\"https:\/\/retotech.fundacionendesa.org\/multisite\/?attachment_id=8093\" class=\"wp-image-8093\" srcset=\"https:\/\/retotech.fundacionendesa.org\/multisite\/wp-content\/uploads\/sites\/3\/2021\/05\/peces.jpg 930w, https:\/\/retotech.fundacionendesa.org\/multisite\/wp-content\/uploads\/sites\/3\/2021\/05\/peces-300x169.jpg 300w, https:\/\/retotech.fundacionendesa.org\/multisite\/wp-content\/uploads\/sites\/3\/2021\/05\/peces-768x432.jpg 768w\" sizes=\"(max-width: 930px) 100vw, 930px\" \/><\/figure><\/li><\/ul><\/figure>\n\n\n\n<p><\/p>\n","protected":false},"excerpt":{"rendered":"<p>Els nostres hivernacles avancen a bon ritme! Les estructures estan gaireb\u00e9 acabades. Les hem fet amb barretes de fusta unides<\/p>\n","protected":false},"author":2915,"featured_media":0,"comment_status":"open","ping_status":"open","sticky":false,"template":"","format":"standard","meta":{"footnotes":""},"categories":[4],"tags":[],"class_list":["post-8087","post","type-post","status-publish","format-standard","hentry","category-blog-retotech"],"_links":{"self":[{"href":"https:\/\/retotech.fundacionendesa.org\/multisite\/wp-json\/wp\/v2\/posts\/8087"}],"collection":[{"href":"https:\/\/retotech.fundacionendesa.org\/multisite\/wp-json\/wp\/v2\/posts"}],"about":[{"href":"https:\/\/retotech.fundacionendesa.org\/multisite\/wp-json\/wp\/v2\/types\/post"}],"author":[{"embeddable":true,"href":"https:\/\/retotech.fundacionendesa.org\/multisite\/wp-json\/wp\/v2\/users\/2915"}],"replies":[{"embeddable":true,"href":"https:\/\/retotech.fundacionendesa.org\/multisite\/wp-json\/wp\/v2\/comments?post=8087"}],"version-history":[{"count":3,"href":"https:\/\/retotech.fundacionendesa.org\/multisite\/wp-json\/wp\/v2\/posts\/8087\/revisions"}],"predecessor-version":[{"id":8100,"href":"https:\/\/retotech.fundacionendesa.org\/multisite\/wp-json\/wp\/v2\/posts\/8087\/revisions\/8100"}],"wp:attachment":[{"href":"https:\/\/retotech.fundacionendesa.org\/multisite\/wp-json\/wp\/v2\/media?parent=8087"}],"wp:term":[{"taxonomy":"category","embeddable":true,"href":"https:\/\/retotech.fundacionendesa.org\/multisite\/wp-json\/wp\/v2\/categories?post=8087"},{"taxonomy":"post_tag","embeddable":true,"href":"https:\/\/retotech.fundacionendesa.org\/multisite\/wp-json\/wp\/v2\/tags?post=8087"}],"curies":[{"name":"wp","href":"https:\/\/api.w.org\/{rel}","templated":true}]}}