{"id":7171,"date":"2021-05-12T11:02:21","date_gmt":"2021-05-12T11:02:21","guid":{"rendered":"http:\/\/retotech.fundacionendesa.org\/multisite\/?p=7171"},"modified":"2021-05-12T11:02:21","modified_gmt":"2021-05-12T11:02:21","slug":"ies-miguel-hernandez-un-ano-diferente-pero-el-doble-de-esfuerzo","status":"publish","type":"post","link":"https:\/\/retotech.fundacionendesa.org\/multisite\/2021\/05\/12\/ies-miguel-hernandez-un-ano-diferente-pero-el-doble-de-esfuerzo\/","title":{"rendered":"IES MIGUEL HERN\u00c1NDEZ, \u00a1Un a\u00f1o diferente, pero el Doble de esfuerzo!"},"content":{"rendered":"\n<p>\u00a1Ni siquiera el COVID-19 puede frenar el instituto Miguel Hern\u00e1ndez!<\/p>\n\n\n\n<p>A pesar de este a\u00f1o tan loco  y complicado, con esfuerzo y dedicaci\u00f3n hemos logrado participar en RetoTECH 2021, ya nos hemos puesto manos a la obra,  para ir a por todas.<\/p>\n\n\n\n<figure class=\"wp-block-image size-large\"><img loading=\"lazy\" decoding=\"async\" width=\"1024\" height=\"769\" src=\"https:\/\/retotech.fundacionendesa.org\/multisite\/wp-content\/uploads\/sites\/3\/2021\/05\/1620814902233-1024x769.jpg\" alt=\"\" class=\"wp-image-7177\" srcset=\"https:\/\/retotech.fundacionendesa.org\/multisite\/wp-content\/uploads\/sites\/3\/2021\/05\/1620814902233-1024x769.jpg 1024w, https:\/\/retotech.fundacionendesa.org\/multisite\/wp-content\/uploads\/sites\/3\/2021\/05\/1620814902233-300x225.jpg 300w, https:\/\/retotech.fundacionendesa.org\/multisite\/wp-content\/uploads\/sites\/3\/2021\/05\/1620814902233-768x577.jpg 768w, https:\/\/retotech.fundacionendesa.org\/multisite\/wp-content\/uploads\/sites\/3\/2021\/05\/1620814902233-1536x1153.jpg 1536w, https:\/\/retotech.fundacionendesa.org\/multisite\/wp-content\/uploads\/sites\/3\/2021\/05\/1620814902233-2048x1538.jpg 2048w\" sizes=\"(max-width: 1024px) 100vw, 1024px\" \/><\/figure>\n\n\n\n<p>Aqu\u00ed estamos preparando las maquetas que ser\u00e1n necesarias para nuestro robot, todos estamos poniendo de nuestra parte para su elaboraci\u00f3n. Estas maquetas ser\u00e1n la representaci\u00f3n f\u00edsica de nuestro instituto.<\/p>\n\n\n\n<figure class=\"wp-block-gallery columns-1 is-cropped wp-block-gallery-1 is-layout-flex wp-block-gallery-is-layout-flex\"><ul class=\"blocks-gallery-grid\"><li class=\"blocks-gallery-item\"><figure><img loading=\"lazy\" decoding=\"async\" width=\"769\" height=\"1024\" src=\"https:\/\/retotech.fundacionendesa.org\/multisite\/wp-content\/uploads\/sites\/3\/2021\/05\/1620814902227-769x1024.jpg\" alt=\"\" data-id=\"7173\" data-full-url=\"https:\/\/retotech.fundacionendesa.org\/multisite\/wp-content\/uploads\/sites\/3\/2021\/05\/1620814902227-scaled.jpg\" data-link=\"https:\/\/retotech.fundacionendesa.org\/multisite\/?attachment_id=7173\" class=\"wp-image-7173\" srcset=\"https:\/\/retotech.fundacionendesa.org\/multisite\/wp-content\/uploads\/sites\/3\/2021\/05\/1620814902227-769x1024.jpg 769w, https:\/\/retotech.fundacionendesa.org\/multisite\/wp-content\/uploads\/sites\/3\/2021\/05\/1620814902227-225x300.jpg 225w, https:\/\/retotech.fundacionendesa.org\/multisite\/wp-content\/uploads\/sites\/3\/2021\/05\/1620814902227-768x1023.jpg 768w, https:\/\/retotech.fundacionendesa.org\/multisite\/wp-content\/uploads\/sites\/3\/2021\/05\/1620814902227-1153x1536.jpg 1153w, https:\/\/retotech.fundacionendesa.org\/multisite\/wp-content\/uploads\/sites\/3\/2021\/05\/1620814902227-1538x2048.jpg 1538w, https:\/\/retotech.fundacionendesa.org\/multisite\/wp-content\/uploads\/sites\/3\/2021\/05\/1620814902227-scaled.jpg 1922w\" sizes=\"(max-width: 769px) 100vw, 769px\" \/><\/figure><\/li><\/ul><\/figure>\n\n\n\n<p>Aqu\u00ed  se puede ver que estamos imprimiendo las piezas que ser\u00e1n necesarias para la maqueta del instituto, las medidas, la forma, etc; han sido trabajadas y creadas por el grupo de dise\u00f1o.<\/p>\n\n\n\n<p><\/p>\n\n\n\n<figure class=\"wp-block-image size-large\"><img loading=\"lazy\" decoding=\"async\" width=\"1024\" height=\"769\" src=\"https:\/\/retotech.fundacionendesa.org\/multisite\/wp-content\/uploads\/sites\/3\/2021\/05\/1620815932327-1024x769.jpg\" alt=\"\" class=\"wp-image-7174\" srcset=\"https:\/\/retotech.fundacionendesa.org\/multisite\/wp-content\/uploads\/sites\/3\/2021\/05\/1620815932327-1024x769.jpg 1024w, https:\/\/retotech.fundacionendesa.org\/multisite\/wp-content\/uploads\/sites\/3\/2021\/05\/1620815932327-300x225.jpg 300w, https:\/\/retotech.fundacionendesa.org\/multisite\/wp-content\/uploads\/sites\/3\/2021\/05\/1620815932327-768x577.jpg 768w, https:\/\/retotech.fundacionendesa.org\/multisite\/wp-content\/uploads\/sites\/3\/2021\/05\/1620815932327-1536x1153.jpg 1536w, https:\/\/retotech.fundacionendesa.org\/multisite\/wp-content\/uploads\/sites\/3\/2021\/05\/1620815932327-2048x1538.jpg 2048w\" sizes=\"(max-width: 1024px) 100vw, 1024px\" \/><\/figure>\n\n\n\n<p>Aqu\u00ed nos pueden ver trabajando en el taller, utilizando todo el material reciclado, para las maquetas, qued\u00e1ndonos horas y horas, por la ilusi\u00f3n y dedicaci\u00f3n que tenemos por este trabajo.<\/p>\n\n\n\n<p><\/p>\n\n\n\n<figure class=\"wp-block-image size-large\"><img loading=\"lazy\" decoding=\"async\" width=\"1024\" height=\"769\" src=\"https:\/\/retotech.fundacionendesa.org\/multisite\/wp-content\/uploads\/sites\/3\/2021\/05\/1620814902230-1024x769.jpg\" alt=\"\" class=\"wp-image-7175\" srcset=\"https:\/\/retotech.fundacionendesa.org\/multisite\/wp-content\/uploads\/sites\/3\/2021\/05\/1620814902230-1024x769.jpg 1024w, https:\/\/retotech.fundacionendesa.org\/multisite\/wp-content\/uploads\/sites\/3\/2021\/05\/1620814902230-300x225.jpg 300w, https:\/\/retotech.fundacionendesa.org\/multisite\/wp-content\/uploads\/sites\/3\/2021\/05\/1620814902230-768x577.jpg 768w, https:\/\/retotech.fundacionendesa.org\/multisite\/wp-content\/uploads\/sites\/3\/2021\/05\/1620814902230-1536x1153.jpg 1536w, https:\/\/retotech.fundacionendesa.org\/multisite\/wp-content\/uploads\/sites\/3\/2021\/05\/1620814902230-2048x1538.jpg 2048w\" sizes=\"(max-width: 1024px) 100vw, 1024px\" \/><\/figure>\n\n\n\n<p>Aqu\u00ed tenemos a uno de los dise\u00f1adores que se encarga en crear, dise\u00f1ar y modificar, los objetos que despu\u00e9s ser\u00e1n impresos en la impresora 3D.<\/p>\n\n\n\n<figure class=\"wp-block-image size-large\"><img loading=\"lazy\" decoding=\"async\" width=\"1024\" height=\"769\" src=\"https:\/\/retotech.fundacionendesa.org\/multisite\/wp-content\/uploads\/sites\/3\/2021\/05\/1620814902239-1024x769.jpg\" alt=\"\" class=\"wp-image-7176\" srcset=\"https:\/\/retotech.fundacionendesa.org\/multisite\/wp-content\/uploads\/sites\/3\/2021\/05\/1620814902239-1024x769.jpg 1024w, https:\/\/retotech.fundacionendesa.org\/multisite\/wp-content\/uploads\/sites\/3\/2021\/05\/1620814902239-300x225.jpg 300w, https:\/\/retotech.fundacionendesa.org\/multisite\/wp-content\/uploads\/sites\/3\/2021\/05\/1620814902239-768x577.jpg 768w, https:\/\/retotech.fundacionendesa.org\/multisite\/wp-content\/uploads\/sites\/3\/2021\/05\/1620814902239-1536x1153.jpg 1536w, https:\/\/retotech.fundacionendesa.org\/multisite\/wp-content\/uploads\/sites\/3\/2021\/05\/1620814902239-2048x1538.jpg 2048w\" sizes=\"(max-width: 1024px) 100vw, 1024px\" \/><\/figure>\n\n\n\n<p>\u00c9l es Iv\u00e1n, uno de los del equipo de programaci\u00f3n, aqu\u00ed podemos ver como se encarga de crear, editar y modificar una de las ventanas que intervendr\u00e1n en la aplicaci\u00f3n del tel\u00e9fono. \u00a1Es casi un profesional!<\/p>\n\n\n\n<p><\/p>\n\n\n\n<p>Esto son todos los detalles que podemos destacar de esta semana.<\/p>\n\n\n\n<p>\u00a1Un saludo y hasta el pr\u00f3ximo blog del Ies Miguel Hern\u00e1ndez!<\/p>\n\n\n\n<p><\/p>\n","protected":false},"excerpt":{"rendered":"<p>\u00a1Ni siquiera el COVID-19 puede frenar el instituto Miguel Hern\u00e1ndez! A pesar de este a\u00f1o tan loco y complicado, con<\/p>\n","protected":false},"author":2909,"featured_media":0,"comment_status":"open","ping_status":"open","sticky":false,"template":"","format":"standard","meta":{"footnotes":""},"categories":[4],"tags":[],"class_list":["post-7171","post","type-post","status-publish","format-standard","hentry","category-blog-retotech"],"_links":{"self":[{"href":"https:\/\/retotech.fundacionendesa.org\/multisite\/wp-json\/wp\/v2\/posts\/7171"}],"collection":[{"href":"https:\/\/retotech.fundacionendesa.org\/multisite\/wp-json\/wp\/v2\/posts"}],"about":[{"href":"https:\/\/retotech.fundacionendesa.org\/multisite\/wp-json\/wp\/v2\/types\/post"}],"author":[{"embeddable":true,"href":"https:\/\/retotech.fundacionendesa.org\/multisite\/wp-json\/wp\/v2\/users\/2909"}],"replies":[{"embeddable":true,"href":"https:\/\/retotech.fundacionendesa.org\/multisite\/wp-json\/wp\/v2\/comments?post=7171"}],"version-history":[{"count":1,"href":"https:\/\/retotech.fundacionendesa.org\/multisite\/wp-json\/wp\/v2\/posts\/7171\/revisions"}],"predecessor-version":[{"id":7178,"href":"https:\/\/retotech.fundacionendesa.org\/multisite\/wp-json\/wp\/v2\/posts\/7171\/revisions\/7178"}],"wp:attachment":[{"href":"https:\/\/retotech.fundacionendesa.org\/multisite\/wp-json\/wp\/v2\/media?parent=7171"}],"wp:term":[{"taxonomy":"category","embeddable":true,"href":"https:\/\/retotech.fundacionendesa.org\/multisite\/wp-json\/wp\/v2\/categories?post=7171"},{"taxonomy":"post_tag","embeddable":true,"href":"https:\/\/retotech.fundacionendesa.org\/multisite\/wp-json\/wp\/v2\/tags?post=7171"}],"curies":[{"name":"wp","href":"https:\/\/api.w.org\/{rel}","templated":true}]}}