{"id":7045,"date":"2021-05-07T08:13:17","date_gmt":"2021-05-07T08:13:17","guid":{"rendered":"http:\/\/retotech.fundacionendesa.org\/multisite\/?p=7045"},"modified":"2021-05-07T08:13:17","modified_gmt":"2021-05-07T08:13:17","slug":"la-vida-en-colores","status":"publish","type":"post","link":"https:\/\/retotech.fundacionendesa.org\/multisite\/2021\/05\/07\/la-vida-en-colores\/","title":{"rendered":"La vida en colores"},"content":{"rendered":"\n<p class=\"has-text-align-left\">Os queremos presentar el proyecto <strong>\u201ceye-hear\u201d<\/strong>. Este dispositivo es capaz de sustituir uno de nuestros sentidos. Como su nombre indica sustituye la vista por el o\u00eddo. De esta forma, aquellas personas que tengan dificultades a la hora de ver los colores, les ayudamos diciendo el nombre del color en voz alta, para que puedan \u201cescuchar\u201d los colores.<\/p>\n\n\n\n<p>Todo nace de una asignatura que estamos haciendo sobre \u201cseamos solidarios\u201d donde nos ponemos en la piel de personas que han sido menos afortunadas que nosotros en la vida. Queremos poner nuestro grano de arena y conseguir un mundo m\u00e1s igualitario.<\/p>\n\n\n\n<p>Nuestro equipo est\u00e1 formado por 5 componentes y nos hemos distribuido las tareas, que nos llevar\u00e1n a la creaci\u00f3n de este dispositivo, de la siguiente manera.<\/p>\n\n\n\n<p>Distribuci\u00f3n de tareas:<\/p>\n\n\n\n<p>Lidia &#8211; dise\u00f1o de la maqueta y dise\u00f1o conceptual del dispositivo.<\/p>\n\n\n\n<p>Alejandro &#8211; programaci\u00f3n de los sensores.<\/p>\n\n\n\n<p>Judit \u2013 Dise\u00f1o en 3D e impresi\u00f3n en 3D<\/p>\n\n\n\n<p>Natalia \u2013 Aplicaci\u00f3n para el m\u00f3vil y dise\u00f1o 3D<\/p>\n\n\n\n<p>Arnau \u2013 Gesti\u00f3n de las redes sociales, difusi\u00f3n del v\u00eddeo, mantenimiento del blog.<\/p>\n\n\n\n<p>Hemos realizado un planning de todo el proyecto para poder llegar al final. Aqu\u00ed pod\u00e9is ver el diagrama de Gantt de todo este camino. \u00a1Esperemos cumplirlo!<\/p>\n\n\n\n<p>Diagrama de Gantt:<\/p>\n\n\n\n<figure class=\"wp-block-image size-large\"><img loading=\"lazy\" decoding=\"async\" width=\"1024\" height=\"576\" src=\"https:\/\/retotech.fundacionendesa.org\/multisite\/wp-content\/uploads\/sites\/3\/2021\/05\/gantt-_-la-vida-en-colores-1024x576.jpg\" alt=\"\" class=\"wp-image-7046\" srcset=\"https:\/\/retotech.fundacionendesa.org\/multisite\/wp-content\/uploads\/sites\/3\/2021\/05\/gantt-_-la-vida-en-colores-1024x576.jpg 1024w, https:\/\/retotech.fundacionendesa.org\/multisite\/wp-content\/uploads\/sites\/3\/2021\/05\/gantt-_-la-vida-en-colores-300x169.jpg 300w, https:\/\/retotech.fundacionendesa.org\/multisite\/wp-content\/uploads\/sites\/3\/2021\/05\/gantt-_-la-vida-en-colores-768x432.jpg 768w, https:\/\/retotech.fundacionendesa.org\/multisite\/wp-content\/uploads\/sites\/3\/2021\/05\/gantt-_-la-vida-en-colores.jpg 1152w\" sizes=\"(max-width: 1024px) 100vw, 1024px\" \/><\/figure>\n","protected":false},"excerpt":{"rendered":"<p>Os queremos presentar el proyecto \u201ceye-hear\u201d. Este dispositivo es capaz de sustituir uno de nuestros sentidos. Como su nombre indica<\/p>\n","protected":false},"author":2873,"featured_media":0,"comment_status":"open","ping_status":"open","sticky":false,"template":"","format":"standard","meta":{"footnotes":""},"categories":[4],"tags":[],"class_list":["post-7045","post","type-post","status-publish","format-standard","hentry","category-blog-retotech"],"_links":{"self":[{"href":"https:\/\/retotech.fundacionendesa.org\/multisite\/wp-json\/wp\/v2\/posts\/7045"}],"collection":[{"href":"https:\/\/retotech.fundacionendesa.org\/multisite\/wp-json\/wp\/v2\/posts"}],"about":[{"href":"https:\/\/retotech.fundacionendesa.org\/multisite\/wp-json\/wp\/v2\/types\/post"}],"author":[{"embeddable":true,"href":"https:\/\/retotech.fundacionendesa.org\/multisite\/wp-json\/wp\/v2\/users\/2873"}],"replies":[{"embeddable":true,"href":"https:\/\/retotech.fundacionendesa.org\/multisite\/wp-json\/wp\/v2\/comments?post=7045"}],"version-history":[{"count":1,"href":"https:\/\/retotech.fundacionendesa.org\/multisite\/wp-json\/wp\/v2\/posts\/7045\/revisions"}],"predecessor-version":[{"id":7047,"href":"https:\/\/retotech.fundacionendesa.org\/multisite\/wp-json\/wp\/v2\/posts\/7045\/revisions\/7047"}],"wp:attachment":[{"href":"https:\/\/retotech.fundacionendesa.org\/multisite\/wp-json\/wp\/v2\/media?parent=7045"}],"wp:term":[{"taxonomy":"category","embeddable":true,"href":"https:\/\/retotech.fundacionendesa.org\/multisite\/wp-json\/wp\/v2\/categories?post=7045"},{"taxonomy":"post_tag","embeddable":true,"href":"https:\/\/retotech.fundacionendesa.org\/multisite\/wp-json\/wp\/v2\/tags?post=7045"}],"curies":[{"name":"wp","href":"https:\/\/api.w.org\/{rel}","templated":true}]}}