{"id":28286,"date":"2026-04-29T22:40:42","date_gmt":"2026-04-29T22:40:42","guid":{"rendered":"https:\/\/retotech.fundacionendesa.org\/multisite\/?p=28286"},"modified":"2026-04-29T22:40:42","modified_gmt":"2026-04-29T22:40:42","slug":"ojos-que-no-ven-sensores-que-sienten-innovacion-e-inclusion-en-el-ies-el-portillo","status":"publish","type":"post","link":"https:\/\/retotech.fundacionendesa.org\/multisite\/2026\/04\/29\/ojos-que-no-ven-sensores-que-sienten-innovacion-e-inclusion-en-el-ies-el-portillo\/","title":{"rendered":"\u00a1Ojos que no ven, sensores que sienten!: Innovaci\u00f3n e Inclusi\u00f3n en el IES El Portillo"},"content":{"rendered":"\n<p>\u00a1Nuestro proyecto para el RetoTech de la Fundaci\u00f3n Endesa ya est\u00e1 en marcha y el equipo no podr\u00eda estar m\u00e1s motivado! Tras reflexionar sobre c\u00f3mo crear una tecnolog\u00eda que \u00absienta\u00bb el entorno para ayudar a quienes no pueden verlo, hemos pasado a la acci\u00f3n en el taller.<\/p>\n\n\n\n<p>A su vez la formaci\u00f3n y aprendizaje de los alumnos de 3\u00ba de ESO no para y coge carrerilla. Los estudiantes siguen trabajando en equipos con su kit, mediante un aprendizaje basado en proyectos, comprendiendo el funcionamiento de la placa, de los sensores y actuadores para poder aplicarlos en su propio proyecto incluso con el m\u00f3vil.<\/p>\n\n\n\n<p>Con esta filosof\u00eda, estamos en plena fase de elaboraci\u00f3n de la maqueta. Estamos construyendo una estructura robusta y estable para asegurar que nuestro dise\u00f1o final funcione correctamente. Usamos las plantillas para marcar y ensamblar cada pieza con precisi\u00f3n milim\u00e9trica, creando el hogar perfecto para toda nuestra electr\u00f3nica.<\/p>\n\n\n\n<p>Mientras tanto, en los ordenadores, el equipo de programaci\u00f3n se sumerge en Bitbloq para dar \u00abvoz\u00bb y sentidos a nuestra maqueta mediante sensores y se\u00f1ales ac\u00fasticas que funcionar\u00e1n como gu\u00eda sonora, permitiendo que alguien invidente sepa en todo momento qu\u00e9 ocurre y se convierta en un sistema 100% inclusivo.<\/p>\n\n\n\n<p>Es emocionante ver el esfuerzo compartido de los alumnos por derribar barreras y crear un proyecto donde la tecnolog\u00eda sea, ante todo, una herramienta para incluir a todas las personas. \u00a1Seguimos avanzando con m\u00e1s ganas que nunca!<\/p>\n\n\n\n<figure class=\"wp-block-image size-full\"><img loading=\"lazy\" decoding=\"async\" width=\"960\" height=\"540\" src=\"https:\/\/retotech.fundacionendesa.org\/multisite\/wp-content\/uploads\/sites\/3\/2026\/04\/IES-EL-PORTILLO-Retotech2-1.jpg\" alt=\"\" class=\"wp-image-28288\" srcset=\"https:\/\/retotech.fundacionendesa.org\/multisite\/wp-content\/uploads\/sites\/3\/2026\/04\/IES-EL-PORTILLO-Retotech2-1.jpg 960w, https:\/\/retotech.fundacionendesa.org\/multisite\/wp-content\/uploads\/sites\/3\/2026\/04\/IES-EL-PORTILLO-Retotech2-1-300x169.jpg 300w, https:\/\/retotech.fundacionendesa.org\/multisite\/wp-content\/uploads\/sites\/3\/2026\/04\/IES-EL-PORTILLO-Retotech2-1-768x432.jpg 768w\" sizes=\"(max-width: 960px) 100vw, 960px\" \/><\/figure>\n","protected":false},"excerpt":{"rendered":"<p>\u00a1Nuestro proyecto para el RetoTech de la Fundaci\u00f3n Endesa ya est\u00e1 en marcha y el equipo no podr\u00eda estar m\u00e1s<\/p>\n","protected":false},"author":6155,"featured_media":0,"comment_status":"open","ping_status":"open","sticky":false,"template":"","format":"standard","meta":{"footnotes":""},"categories":[4],"tags":[483,80,173],"class_list":["post-28286","post","type-post","status-publish","format-standard","hentry","category-blog-retotech","tag-ies-el-portillo","tag-retotech","tag-retotech_fundacion_endesa"],"_links":{"self":[{"href":"https:\/\/retotech.fundacionendesa.org\/multisite\/wp-json\/wp\/v2\/posts\/28286"}],"collection":[{"href":"https:\/\/retotech.fundacionendesa.org\/multisite\/wp-json\/wp\/v2\/posts"}],"about":[{"href":"https:\/\/retotech.fundacionendesa.org\/multisite\/wp-json\/wp\/v2\/types\/post"}],"author":[{"embeddable":true,"href":"https:\/\/retotech.fundacionendesa.org\/multisite\/wp-json\/wp\/v2\/users\/6155"}],"replies":[{"embeddable":true,"href":"https:\/\/retotech.fundacionendesa.org\/multisite\/wp-json\/wp\/v2\/comments?post=28286"}],"version-history":[{"count":1,"href":"https:\/\/retotech.fundacionendesa.org\/multisite\/wp-json\/wp\/v2\/posts\/28286\/revisions"}],"predecessor-version":[{"id":28289,"href":"https:\/\/retotech.fundacionendesa.org\/multisite\/wp-json\/wp\/v2\/posts\/28286\/revisions\/28289"}],"wp:attachment":[{"href":"https:\/\/retotech.fundacionendesa.org\/multisite\/wp-json\/wp\/v2\/media?parent=28286"}],"wp:term":[{"taxonomy":"category","embeddable":true,"href":"https:\/\/retotech.fundacionendesa.org\/multisite\/wp-json\/wp\/v2\/categories?post=28286"},{"taxonomy":"post_tag","embeddable":true,"href":"https:\/\/retotech.fundacionendesa.org\/multisite\/wp-json\/wp\/v2\/tags?post=28286"}],"curies":[{"name":"wp","href":"https:\/\/api.w.org\/{rel}","templated":true}]}}