{"id":28282,"date":"2026-04-29T20:36:47","date_gmt":"2026-04-29T20:36:47","guid":{"rendered":"https:\/\/retotech.fundacionendesa.org\/multisite\/?p=28282"},"modified":"2026-04-29T20:36:47","modified_gmt":"2026-04-29T20:36:47","slug":"los-estudiantes-de-menorca-ultiman-los-detalles","status":"publish","type":"post","link":"https:\/\/retotech.fundacionendesa.org\/multisite\/2026\/04\/29\/los-estudiantes-de-menorca-ultiman-los-detalles\/","title":{"rendered":"Los estudiantes de Menorca ultiman los detalles"},"content":{"rendered":"\n<p>Los alumnos de cuarto de ESO del IES Pasqual Calb\u00f3 i Cald\u00e9s ya est\u00e1n en la \u00faltima fase de montaje y pruebas del proyecto 2026 para el concurso Retotech.<\/p>\n\n\n\n<p>Como se muestra en el dise\u00f1o, se pretende simular un sistema dom\u00f3tico para una vivienda con el objetivo de reducir de manera muy significativa el consumo de agua y de hacerla autosostenible energ\u00e9ticamente. Se pretende buscar soluciones a dos problemas estrat\u00e9gicos en las islas Baleares, y que adem\u00e1s combina impresi\u00f3n 3D, cortadora l\u00e1ser, placas fotovoltaicas funcionales, programaci\u00f3n de placas BQ y dise\u00f1o en un software 3D profesional como es el Onshape.<\/p>\n\n\n\n<p>Los alumnos y alumnas del IES Pasqual Calb\u00f3 ya est\u00e1n contando los d\u00edas para el viaje a Mallorca!<\/p>\n\n\n\n<figure class=\"wp-block-image size-large\"><img loading=\"lazy\" decoding=\"async\" width=\"1024\" height=\"539\" src=\"https:\/\/retotech.fundacionendesa.org\/multisite\/wp-content\/uploads\/sites\/3\/2026\/04\/Casa-Retotech-3D_2-1024x539.jpg\" alt=\"\" class=\"wp-image-28283\" srcset=\"https:\/\/retotech.fundacionendesa.org\/multisite\/wp-content\/uploads\/sites\/3\/2026\/04\/Casa-Retotech-3D_2-1024x539.jpg 1024w, https:\/\/retotech.fundacionendesa.org\/multisite\/wp-content\/uploads\/sites\/3\/2026\/04\/Casa-Retotech-3D_2-300x158.jpg 300w, https:\/\/retotech.fundacionendesa.org\/multisite\/wp-content\/uploads\/sites\/3\/2026\/04\/Casa-Retotech-3D_2-768x404.jpg 768w, https:\/\/retotech.fundacionendesa.org\/multisite\/wp-content\/uploads\/sites\/3\/2026\/04\/Casa-Retotech-3D_2-1536x808.jpg 1536w, https:\/\/retotech.fundacionendesa.org\/multisite\/wp-content\/uploads\/sites\/3\/2026\/04\/Casa-Retotech-3D_2.jpg 1576w\" sizes=\"(max-width: 1024px) 100vw, 1024px\" \/><\/figure>\n","protected":false},"excerpt":{"rendered":"<p>Los alumnos de cuarto de ESO del IES Pasqual Calb\u00f3 i Cald\u00e9s ya est\u00e1n en la \u00faltima fase de montaje<\/p>\n","protected":false},"author":6247,"featured_media":0,"comment_status":"open","ping_status":"open","sticky":false,"template":"","format":"standard","meta":{"footnotes":""},"categories":[4],"tags":[],"class_list":["post-28282","post","type-post","status-publish","format-standard","hentry","category-blog-retotech"],"_links":{"self":[{"href":"https:\/\/retotech.fundacionendesa.org\/multisite\/wp-json\/wp\/v2\/posts\/28282"}],"collection":[{"href":"https:\/\/retotech.fundacionendesa.org\/multisite\/wp-json\/wp\/v2\/posts"}],"about":[{"href":"https:\/\/retotech.fundacionendesa.org\/multisite\/wp-json\/wp\/v2\/types\/post"}],"author":[{"embeddable":true,"href":"https:\/\/retotech.fundacionendesa.org\/multisite\/wp-json\/wp\/v2\/users\/6247"}],"replies":[{"embeddable":true,"href":"https:\/\/retotech.fundacionendesa.org\/multisite\/wp-json\/wp\/v2\/comments?post=28282"}],"version-history":[{"count":1,"href":"https:\/\/retotech.fundacionendesa.org\/multisite\/wp-json\/wp\/v2\/posts\/28282\/revisions"}],"predecessor-version":[{"id":28284,"href":"https:\/\/retotech.fundacionendesa.org\/multisite\/wp-json\/wp\/v2\/posts\/28282\/revisions\/28284"}],"wp:attachment":[{"href":"https:\/\/retotech.fundacionendesa.org\/multisite\/wp-json\/wp\/v2\/media?parent=28282"}],"wp:term":[{"taxonomy":"category","embeddable":true,"href":"https:\/\/retotech.fundacionendesa.org\/multisite\/wp-json\/wp\/v2\/categories?post=28282"},{"taxonomy":"post_tag","embeddable":true,"href":"https:\/\/retotech.fundacionendesa.org\/multisite\/wp-json\/wp\/v2\/tags?post=28282"}],"curies":[{"name":"wp","href":"https:\/\/api.w.org\/{rel}","templated":true}]}}