{"id":28279,"date":"2026-04-29T19:13:41","date_gmt":"2026-04-29T19:13:41","guid":{"rendered":"https:\/\/retotech.fundacionendesa.org\/multisite\/?p=28279"},"modified":"2026-04-29T19:13:41","modified_gmt":"2026-04-29T19:13:41","slug":"seguimos-avanzando-el-aula-empieza-a-transformarse","status":"publish","type":"post","link":"https:\/\/retotech.fundacionendesa.org\/multisite\/2026\/04\/29\/seguimos-avanzando-el-aula-empieza-a-transformarse\/","title":{"rendered":"Seguimos avanzando: el aula empieza a transformarse"},"content":{"rendered":"Tras la primera fase de dise\u00f1o, en la que definimos una propuesta centrada en la mejora de la accesibilidad y la adaptaci\u00f3n de los espacios educativos, hemos comenzado a dar forma real a nuestro proyecto.<br \/><br \/>En esta segunda etapa, el equipo ha estado trabajando en la maqueta f\u00edsica, trasladando los planos iniciales a un espacio tangible. Este proceso nos ha obligado a tomar decisiones importantes sobre medidas, distribuci\u00f3n y materiales, ya que todo debe encajar y funcionar correctamente.<br \/><br \/>Uno de los aspectos m\u00e1s interesantes ha sido reflexionar sobre c\u00f3mo un mismo espacio puede cambiar de uso de forma r\u00e1pida y eficiente. Nos hemos planteado hasta qu\u00e9 punto es posible transformar un aula en pocos segundos sin recurrir a sistemas excesivamente complejos.<br \/><br \/>Paralelamente, hemos continuado desarrollando la parte tecnol\u00f3gica del proyecto. Los distintos elementos comienzan a integrarse: se\u00f1ales, indicadores y sistemas de control van adquiriendo coherencia dentro del conjunto.<br \/><br \/>Durante este proceso tambi\u00e9n han surgido dificultades propias del trabajo t\u00e9cnico, como el ajuste de mecanismos, la elecci\u00f3n de soluciones viables y la adaptaci\u00f3n de nuestras ideas a los materiales disponibles.<br \/><br \/>M\u00e1s all\u00e1 del funcionamiento, nuestro objetivo sigue siendo claro: dise\u00f1ar un entorno m\u00e1s accesible, flexible y adaptado a las necesidades de todo el alumnado.<br \/><br \/>Por ahora no podemos mostrar todos los detalles del proyecto, pero s\u00ed podemos adelantar que el espacio no ser\u00e1 siempre igual.<br \/><br \/>Continuar\u00e1.","protected":false},"excerpt":{"rendered":"<p>Tras la primera fase de dise\u00f1o, en la que definimos una propuesta centrada en la mejora de la accesibilidad y<\/p>\n","protected":false},"author":6189,"featured_media":0,"comment_status":"open","ping_status":"open","sticky":false,"template":"","format":"standard","meta":{"footnotes":""},"categories":[4],"tags":[],"class_list":["post-28279","post","type-post","status-publish","format-standard","hentry","category-blog-retotech"],"_links":{"self":[{"href":"https:\/\/retotech.fundacionendesa.org\/multisite\/wp-json\/wp\/v2\/posts\/28279"}],"collection":[{"href":"https:\/\/retotech.fundacionendesa.org\/multisite\/wp-json\/wp\/v2\/posts"}],"about":[{"href":"https:\/\/retotech.fundacionendesa.org\/multisite\/wp-json\/wp\/v2\/types\/post"}],"author":[{"embeddable":true,"href":"https:\/\/retotech.fundacionendesa.org\/multisite\/wp-json\/wp\/v2\/users\/6189"}],"replies":[{"embeddable":true,"href":"https:\/\/retotech.fundacionendesa.org\/multisite\/wp-json\/wp\/v2\/comments?post=28279"}],"version-history":[{"count":1,"href":"https:\/\/retotech.fundacionendesa.org\/multisite\/wp-json\/wp\/v2\/posts\/28279\/revisions"}],"predecessor-version":[{"id":28280,"href":"https:\/\/retotech.fundacionendesa.org\/multisite\/wp-json\/wp\/v2\/posts\/28279\/revisions\/28280"}],"wp:attachment":[{"href":"https:\/\/retotech.fundacionendesa.org\/multisite\/wp-json\/wp\/v2\/media?parent=28279"}],"wp:term":[{"taxonomy":"category","embeddable":true,"href":"https:\/\/retotech.fundacionendesa.org\/multisite\/wp-json\/wp\/v2\/categories?post=28279"},{"taxonomy":"post_tag","embeddable":true,"href":"https:\/\/retotech.fundacionendesa.org\/multisite\/wp-json\/wp\/v2\/tags?post=28279"}],"curies":[{"name":"wp","href":"https:\/\/api.w.org\/{rel}","templated":true}]}}