{"id":28211,"date":"2026-04-28T16:18:18","date_gmt":"2026-04-28T16:18:18","guid":{"rendered":"https:\/\/retotech.fundacionendesa.org\/multisite\/?p=28211"},"modified":"2026-04-28T16:18:18","modified_gmt":"2026-04-28T16:18:18","slug":"mostrando-nuestros-avances-a-nuestros-companeros-del-ceo","status":"publish","type":"post","link":"https:\/\/retotech.fundacionendesa.org\/multisite\/2026\/04\/28\/mostrando-nuestros-avances-a-nuestros-companeros-del-ceo\/","title":{"rendered":"Mostrando nuestros avances a nuestros compa\u00f1eros del CEO."},"content":{"rendered":"\n<p>Como alumnado del CEO La Pared que participa en Retotech hemos compartido dos talleres formativos con alumnado de otros grupos. En ellos, hemos explicado qu\u00e9 es Retotech y el proyecto que estamos desarrollando. Hemos ense\u00f1ado nuestros avances en el proyecto. <\/p>\n\n\n<div class=\"wp-block-image\">\n<figure class=\"aligncenter size-large\"><img loading=\"lazy\" decoding=\"async\" width=\"1024\" height=\"485\" src=\"https:\/\/retotech.fundacionendesa.org\/multisite\/wp-content\/uploads\/sites\/3\/2026\/04\/WhatsApp-Image-2026-04-28-at-16.27.05-1024x485.jpeg\" alt=\"\" class=\"wp-image-28212\" srcset=\"https:\/\/retotech.fundacionendesa.org\/multisite\/wp-content\/uploads\/sites\/3\/2026\/04\/WhatsApp-Image-2026-04-28-at-16.27.05-1024x485.jpeg 1024w, https:\/\/retotech.fundacionendesa.org\/multisite\/wp-content\/uploads\/sites\/3\/2026\/04\/WhatsApp-Image-2026-04-28-at-16.27.05-300x142.jpeg 300w, https:\/\/retotech.fundacionendesa.org\/multisite\/wp-content\/uploads\/sites\/3\/2026\/04\/WhatsApp-Image-2026-04-28-at-16.27.05-768x363.jpeg 768w, https:\/\/retotech.fundacionendesa.org\/multisite\/wp-content\/uploads\/sites\/3\/2026\/04\/WhatsApp-Image-2026-04-28-at-16.27.05-1536x727.jpeg 1536w, https:\/\/retotech.fundacionendesa.org\/multisite\/wp-content\/uploads\/sites\/3\/2026\/04\/WhatsApp-Image-2026-04-28-at-16.27.05.jpeg 2016w\" sizes=\"(max-width: 1024px) 100vw, 1024px\" \/><\/figure><\/div>\n\n\n<p>Hemos mostrado las placas ZumCore en acci\u00f3n, hemos ense\u00f1ado su funcionamiento y nos ha servido para compartir los conocimientos adquiridos con nuestros compa\u00f1eros m\u00e1s peque\u00f1os. Hemos utilizado las aplicaciones m\u00f3viles que se han dise\u00f1ado para el proyecto. El alumnado que ha recibido el taller ha podido probar el funcionamiento de las aplicaciones. <\/p>\n\n\n\n<figure class=\"wp-block-embed is-type-video is-provider-youtube wp-block-embed-youtube wp-embed-aspect-16-9 wp-has-aspect-ratio\"><div class=\"wp-block-embed__wrapper\">\n<iframe loading=\"lazy\" title=\"Retotech_Semana Cultural\" width=\"840\" height=\"473\" src=\"https:\/\/www.youtube.com\/embed\/d_2RQGDGaX8?feature=oembed\" frameborder=\"0\" allow=\"accelerometer; autoplay; clipboard-write; encrypted-media; gyroscope; picture-in-picture; web-share\" referrerpolicy=\"strict-origin-when-cross-origin\" allowfullscreen><\/iframe>\n<\/div><\/figure>\n\n\n\n<p>Esta experiencia nos ha servido para probar nuestro software y para detectar \u00e1reas de mejora. Nos ha servido para aprender a explicar a otros lo que hacemos. <\/p>\n\n\n\n<figure class=\"wp-block-embed is-type-video is-provider-youtube wp-block-embed-youtube wp-embed-aspect-16-9 wp-has-aspect-ratio\"><div class=\"wp-block-embed__wrapper\">\n<iframe loading=\"lazy\" title=\"Retotech_SemanaCultural2\" width=\"840\" height=\"473\" src=\"https:\/\/www.youtube.com\/embed\/f_RqGkqdTdM?feature=oembed\" frameborder=\"0\" allow=\"accelerometer; autoplay; clipboard-write; encrypted-media; gyroscope; picture-in-picture; web-share\" referrerpolicy=\"strict-origin-when-cross-origin\" allowfullscreen><\/iframe>\n<\/div><\/figure>\n\n\n\n<p>A la vez estamos muy contentos de ver la acogida que ha tenido en nuestros compa\u00f1eros. Nos hemos dado cuenta que Retotech interesa a nuestros compa\u00f1eros ya que nos han preguntado c\u00f3mo pueden participar, vamos \u00abHaciendo Cantera\u00bb. Esto nos gusta!<\/p>\n","protected":false},"excerpt":{"rendered":"<p>Como alumnado del CEO La Pared que participa en Retotech hemos compartido dos talleres formativos con alumnado de otros grupos.<\/p>\n","protected":false},"author":6256,"featured_media":0,"comment_status":"open","ping_status":"open","sticky":false,"template":"","format":"standard","meta":{"footnotes":""},"categories":[4],"tags":[],"class_list":["post-28211","post","type-post","status-publish","format-standard","hentry","category-blog-retotech"],"_links":{"self":[{"href":"https:\/\/retotech.fundacionendesa.org\/multisite\/wp-json\/wp\/v2\/posts\/28211"}],"collection":[{"href":"https:\/\/retotech.fundacionendesa.org\/multisite\/wp-json\/wp\/v2\/posts"}],"about":[{"href":"https:\/\/retotech.fundacionendesa.org\/multisite\/wp-json\/wp\/v2\/types\/post"}],"author":[{"embeddable":true,"href":"https:\/\/retotech.fundacionendesa.org\/multisite\/wp-json\/wp\/v2\/users\/6256"}],"replies":[{"embeddable":true,"href":"https:\/\/retotech.fundacionendesa.org\/multisite\/wp-json\/wp\/v2\/comments?post=28211"}],"version-history":[{"count":1,"href":"https:\/\/retotech.fundacionendesa.org\/multisite\/wp-json\/wp\/v2\/posts\/28211\/revisions"}],"predecessor-version":[{"id":28213,"href":"https:\/\/retotech.fundacionendesa.org\/multisite\/wp-json\/wp\/v2\/posts\/28211\/revisions\/28213"}],"wp:attachment":[{"href":"https:\/\/retotech.fundacionendesa.org\/multisite\/wp-json\/wp\/v2\/media?parent=28211"}],"wp:term":[{"taxonomy":"category","embeddable":true,"href":"https:\/\/retotech.fundacionendesa.org\/multisite\/wp-json\/wp\/v2\/categories?post=28211"},{"taxonomy":"post_tag","embeddable":true,"href":"https:\/\/retotech.fundacionendesa.org\/multisite\/wp-json\/wp\/v2\/tags?post=28211"}],"curies":[{"name":"wp","href":"https:\/\/api.w.org\/{rel}","templated":true}]}}