{"id":28193,"date":"2026-04-28T12:25:22","date_gmt":"2026-04-28T12:25:22","guid":{"rendered":"https:\/\/retotech.fundacionendesa.org\/multisite\/?p=28193"},"modified":"2026-04-28T12:25:22","modified_gmt":"2026-04-28T12:25:22","slug":"%e2%9a%a1-tradicion-con-tech-energia-cuando-el-futuro-ilumina-nuestras-fiestas%e2%9a%a1","status":"publish","type":"post","link":"https:\/\/retotech.fundacionendesa.org\/multisite\/2026\/04\/28\/%e2%9a%a1-tradicion-con-tech-energia-cuando-el-futuro-ilumina-nuestras-fiestas%e2%9a%a1\/","title":{"rendered":"\u26a1 Tradici\u00f3n con Tech-energ\u00eda: cuando el futuro ilumina nuestras fiestas\u26a1"},"content":{"rendered":"\n<figure class=\"wp-block-image size-large\"><img loading=\"lazy\" decoding=\"async\" width=\"1024\" height=\"741\" src=\"https:\/\/retotech.fundacionendesa.org\/multisite\/wp-content\/uploads\/sites\/3\/2026\/04\/Captura-de-pantalla-2026-04-28-a-las-14.24.56-1024x741.png\" alt=\"\" class=\"wp-image-28201\" srcset=\"https:\/\/retotech.fundacionendesa.org\/multisite\/wp-content\/uploads\/sites\/3\/2026\/04\/Captura-de-pantalla-2026-04-28-a-las-14.24.56-1024x741.png 1024w, https:\/\/retotech.fundacionendesa.org\/multisite\/wp-content\/uploads\/sites\/3\/2026\/04\/Captura-de-pantalla-2026-04-28-a-las-14.24.56-300x217.png 300w, https:\/\/retotech.fundacionendesa.org\/multisite\/wp-content\/uploads\/sites\/3\/2026\/04\/Captura-de-pantalla-2026-04-28-a-las-14.24.56-768x556.png 768w, https:\/\/retotech.fundacionendesa.org\/multisite\/wp-content\/uploads\/sites\/3\/2026\/04\/Captura-de-pantalla-2026-04-28-a-las-14.24.56.png 1412w\" sizes=\"(max-width: 1024px) 100vw, 1024px\" \/><\/figure>\n\n\n\n<p>En el&nbsp;Colegio Ram\u00f3n y Cajal de La Joyosa&nbsp;no quer\u00edamos hacer una maqueta m\u00e1s.<br>Quer\u00edamos contar una historia.<br>Una historia que hablara de qui\u00e9nes somos\u2026 y de hacia d\u00f3nde vamos.<\/p>\n\n\n\n<p>Y as\u00ed naci\u00f3 nuestro proyecto para&nbsp;<strong>Reto Tech 2025\/26<\/strong>:<\/p>\n\n\n\n<p>-Un pueblo en fiestas.<br>-Una tradici\u00f3n que sigue viva.<br>-Y una energ\u00eda que lo cambia todo.<\/p>\n\n\n\n<h2 class=\"wp-block-heading has-very-light-gray-to-cyan-bluish-gray-gradient-background has-background\">\ud83c\udf89 Un pueblo en fiestas\u2026 pero con energ\u00eda del futuro<\/h2>\n\n\n\n<p>Nuestra maqueta representa&nbsp;<strong>La Joyosa en plenas fiestas patronales<\/strong>.<br>Hay m\u00fasica, luces, atracciones, alegr\u00eda\u2026<\/p>\n\n\n\n<p>Pero hay algo diferente.<\/p>\n\n\n\n<p>Aqu\u00ed, la tradici\u00f3n\u00a0<strong>no se apaga<\/strong>.<br>&#8211;<strong>Se enchufa.<\/strong><\/p>\n\n\n\n<p>Porque toda la energ\u00eda que hace posible la fiesta&nbsp;<strong>no contamina<\/strong>,&nbsp;<strong>no se desperdicia<\/strong>&nbsp;y&nbsp;<strong>no viene de generadores tradicionales<\/strong>.<\/p>\n\n\n\n<p>Viene de la naturaleza.<\/p>\n\n\n\n<h2 class=\"wp-block-heading has-background\" style=\"background:linear-gradient(135deg,rgb(238,238,238) 24%,rgb(169,184,195) 80%)\">\u26a1 El coraz\u00f3n del proyecto: una central energ\u00e9tica sostenible<\/h2>\n\n\n\n<p>En el centro de todo se encuentra nuestra&nbsp;<strong>Central Energ\u00e9tica<\/strong>, inspirada en el modelo de&nbsp;Endesa.<\/p>\n\n\n\n<p>Su funci\u00f3n es clara:<\/p>\n\n\n\n<p>\ud83d\udd0b Recoger energ\u00eda<br>\ud83d\udd0b Almacenarla en bater\u00edas<br>\ud83d\udd0b Distribuirla de forma eficiente por todo el pueblo<\/p>\n\n\n\n<p>Es el cerebro que conecta innovaci\u00f3n, sostenibilidad y tradici\u00f3n.<\/p>\n\n\n\n<h2 class=\"wp-block-heading has-very-light-gray-to-cyan-bluish-gray-gradient-background has-background\">\ud83c\udf2c\u2600 La energ\u00eda nace en nuestro entorno<\/h2>\n\n\n\n<p>La Joyosa tiene algo que muchos lugares envidian: recursos naturales incre\u00edbles.<br>Y nosotros hemos decidido aprovecharlos.<\/p>\n\n\n\n<h3 class=\"wp-block-heading\">\ud83c\udf2c Parque e\u00f3lico<\/h3>\n\n\n\n<p>El viento que recorre nuestros campos mueve los aerogeneradores, generando energ\u00eda limpia de forma constante.<\/p>\n\n\n\n<h3 class=\"wp-block-heading\">\u2600 Parque solar<\/h3>\n\n\n\n<p>El sol aragon\u00e9s alimenta nuestras placas solares, convirtiendo la luz en electricidad.<\/p>\n\n\n\n<p>Toda esta energ\u00eda se env\u00eda a la central\u2026donde se guarda para cuando m\u00e1s la necesitamos:<\/p>\n\n\n\n<p class=\"has-text-align-center\"><strong>Cuando el pueblo celebra.<\/strong><\/p>\n\n\n\n<p><\/p>\n\n\n\n<h2 class=\"wp-block-heading has-very-light-gray-to-cyan-bluish-gray-gradient-background has-background\">\ud83c\udfa1 Energ\u00eda que da vida a las fiestas<\/h2>\n\n\n\n<p>Aqu\u00ed es donde nuestro proyecto cobra sentido de verdad.<\/p>\n\n\n\n<p>La energ\u00eda renovable no solo se produce\u2026<strong>se utiliza para algo que forma parte de nuestra identidad: las fiestas patronales.<\/strong><\/p>\n\n\n\n<p>Gracias a ella funcionan:<\/p>\n\n\n\n<p>\ud83c\udfa4 El preg\u00f3n del alcalde<br>\ud83d\udc83 La discom\u00f3vil<br>\ud83c\udfa1 La noria<br>\ud83d\udc02 La plaza de toros<br>\ud83c\udfaa Las ferias y atracciones<\/p>\n\n\n\n<p>Todo el ambiente festivo cobra vida&nbsp;<strong>sin contaminar<\/strong>.<\/p>\n\n\n\n<p>Imaginadlo:<br>Unas fiestas llenas de luz, m\u00fasica y tradici\u00f3n\u2026alimentadas \u00fanicamente por <strong>energ\u00eda limpia.<\/strong><\/p>\n\n\n\n<p><\/p>\n\n\n\n<h2 class=\"wp-block-heading has-very-light-gray-to-cyan-bluish-gray-gradient-background has-background\">\ud83d\ude97 Un modelo de pueblo m\u00e1s sostenible<\/h2>\n\n\n\n<p>Nuestro proyecto va m\u00e1s all\u00e1 de la fiesta.<\/p>\n\n\n\n<p>Tambi\u00e9n incluye:<\/p>\n\n\n\n<p>\ud83c\udd7f Puntos de carga para coches el\u00e9ctricos<br>\ud83c\udf31 Organizaci\u00f3n energ\u00e9tica eficiente<br>\ud83d\udd04 Un modelo replicable en otros pueblos<\/p>\n\n\n\n<p>Porque no es solo una maqueta. Es una <strong>propuesta real.<\/strong><\/p>\n\n\n\n<p><\/p>\n\n\n\n<h2 class=\"wp-block-heading has-luminous-vivid-amber-to-luminous-vivid-orange-gradient-background has-background\">\ud83e\udd1d Un proyecto construido en equipo<\/h2>\n\n\n\n<p>Nada de esto habr\u00eda sido posible sin organizaci\u00f3n, esfuerzo y colaboraci\u00f3n.<\/p>\n\n\n\n<p><strong>Hemos trabajado:<\/strong><\/p>\n\n\n\n<ul class=\"wp-block-list\">\n<li>Dise\u00f1ando las fuentes de energ\u00eda<\/li>\n\n\n\n<li>Construyendo estructuras<\/li>\n\n\n\n<li>Programando con tecnolog\u00eda<\/li>\n\n\n\n<li>Resolviendo problemas reales<\/li>\n<\/ul>\n\n\n\n<p>Pero sobre todo, hemos aprendido algo clave: <strong>Que la tecnolog\u00eda tiene sentido cuando mejora la vida de las personas.<\/strong><\/p>\n\n\n\n<p><\/p>\n\n\n\n<h2 class=\"wp-block-heading has-luminous-vivid-amber-to-luminous-vivid-orange-gradient-background has-background\">Por qu\u00e9 este proyecto es especial<\/h2>\n\n\n\n<p>Porque no habla solo de energ\u00eda.<br>Habla de identidad.<\/p>\n\n\n\n<ul class=\"wp-block-list\">\n<li>Une tradici\u00f3n y tecnolog\u00eda<\/li>\n\n\n\n<li>Cuida el entorno<\/li>\n\n\n\n<li>Tiene aplicaci\u00f3n real<\/li>\n\n\n\n<li>Representa a nuestro pueblo<\/li>\n\n\n\n<li>demuestra que el futuro puede empezar aqu\u00ed<\/li>\n<\/ul>\n\n\n\n<p>En\u00a0<strong>\u201cTradici\u00f3n con Tech-energ\u00eda\u201d<\/strong>\u00a0hemos demostrado algo muy importante:<\/p>\n\n\n\n<p class=\"has-text-align-center has-tertiary-color has-text-color has-link-color wp-elements-873f2a7b2a5fe64512aa001aa22528b7\"> Que mantener nuestras costumbres\u00a0<strong>no est\u00e1 re\u00f1ido con cuidar el planeta<\/strong>.<\/p>\n\n\n\n<p>\ud83d\udd0c\u00a0<strong>La tradici\u00f3n no se apaga\u2026 se enchufa.<\/strong>\u00a0\u26a1\ud83c\udf89<\/p>\n\n\n\n<p><\/p>\n","protected":false},"excerpt":{"rendered":"<p>En el&nbsp;Colegio Ram\u00f3n y Cajal de La Joyosa&nbsp;no quer\u00edamos hacer una maqueta m\u00e1s.Quer\u00edamos contar una historia.Una historia que hablara de<\/p>\n","protected":false},"author":6135,"featured_media":0,"comment_status":"open","ping_status":"open","sticky":false,"template":"","format":"standard","meta":{"footnotes":""},"categories":[4],"tags":[],"class_list":["post-28193","post","type-post","status-publish","format-standard","hentry","category-blog-retotech"],"_links":{"self":[{"href":"https:\/\/retotech.fundacionendesa.org\/multisite\/wp-json\/wp\/v2\/posts\/28193"}],"collection":[{"href":"https:\/\/retotech.fundacionendesa.org\/multisite\/wp-json\/wp\/v2\/posts"}],"about":[{"href":"https:\/\/retotech.fundacionendesa.org\/multisite\/wp-json\/wp\/v2\/types\/post"}],"author":[{"embeddable":true,"href":"https:\/\/retotech.fundacionendesa.org\/multisite\/wp-json\/wp\/v2\/users\/6135"}],"replies":[{"embeddable":true,"href":"https:\/\/retotech.fundacionendesa.org\/multisite\/wp-json\/wp\/v2\/comments?post=28193"}],"version-history":[{"count":1,"href":"https:\/\/retotech.fundacionendesa.org\/multisite\/wp-json\/wp\/v2\/posts\/28193\/revisions"}],"predecessor-version":[{"id":28202,"href":"https:\/\/retotech.fundacionendesa.org\/multisite\/wp-json\/wp\/v2\/posts\/28193\/revisions\/28202"}],"wp:attachment":[{"href":"https:\/\/retotech.fundacionendesa.org\/multisite\/wp-json\/wp\/v2\/media?parent=28193"}],"wp:term":[{"taxonomy":"category","embeddable":true,"href":"https:\/\/retotech.fundacionendesa.org\/multisite\/wp-json\/wp\/v2\/categories?post=28193"},{"taxonomy":"post_tag","embeddable":true,"href":"https:\/\/retotech.fundacionendesa.org\/multisite\/wp-json\/wp\/v2\/tags?post=28193"}],"curies":[{"name":"wp","href":"https:\/\/api.w.org\/{rel}","templated":true}]}}