{"id":28189,"date":"2026-04-28T10:58:30","date_gmt":"2026-04-28T10:58:30","guid":{"rendered":"https:\/\/retotech.fundacionendesa.org\/multisite\/?p=28189"},"modified":"2026-04-28T10:58:30","modified_gmt":"2026-04-28T10:58:30","slug":"valderesi","status":"publish","type":"post","link":"https:\/\/retotech.fundacionendesa.org\/multisite\/2026\/04\/28\/valderesi\/","title":{"rendered":"Valderesi"},"content":{"rendered":"\n<p>Hola de nou! Tornem a ser els alumnes de <strong>5\u00e8<\/strong> i <strong>6\u00e8<\/strong> de l\u2019<strong>Escola Valdelors<\/strong> de <strong>Vandell\u00f2s<\/strong>, i escrivim per explicar-vos els<strong> aven\u00e7os<\/strong> que hem fet amb el nostre <strong>projecte<\/strong>.<\/p>\n\n\n\n<p>Aquest any, el nostre objectiu \u00e9s fer una <strong>proposta<\/strong> de <strong>millora<\/strong> de la <strong>resid\u00e8ncia d&#8217;avis<\/strong> del <strong>nostre poble<\/strong>, \u00ab<strong>Lo Parralet<\/strong>\u00ab. Per fer-ho, estem construint una<strong> maqueta<\/strong> de la resid\u00e8ncia amb la intenci\u00f3 que aquesta sigui una planificaci\u00f3 per poder implementar-hi millores, fent-la m\u00e9s <strong>segura<\/strong> i <strong>neta<\/strong>. Volem que el poble sigui un lloc tranquil per als nostres avis, perqu\u00e8 els estimem i volem el millor per a ells.<\/p>\n\n\n\n<p>Com b\u00e9 hem dit, farem una <strong>maqueta<\/strong> que representar\u00e0, concretament, l\u2019<strong>entrada<\/strong> de la <strong>resid\u00e8ncia<\/strong> de <strong>Vandell\u00f2s<\/strong>. Primerament, ens vam plantejar com ho far\u00edem\u2026 i vam decidir convertir la resid\u00e8ncia en un <strong>lloc<\/strong> m\u00e9s <strong>segur<\/strong>, afegint diversos elements; hi haur\u00e0 una <strong>aixeta intel\u00b7ligent<\/strong>, dues <strong>portes<\/strong> (una que s\u2019obre amb un bot\u00f3 i una altra que ho fa de forma autom\u00e0tica quan acabis d\u2019eixugar-te les mans), una guia per localitzar un <strong>bot\u00f3 d\u2019emerg\u00e8ncia<\/strong> per si alguna persona necessita ajuda o si sorgeix algun problema, ja que avisar\u00e0 autom\u00e0ticament la recepci\u00f3&#8230;<\/p>\n\n\n\n<p>Hem seguit aquests <strong>passos<\/strong>:<\/p>\n\n\n\n<ul class=\"wp-block-list\">\n<li>El primer pas va ser <strong>comprar<\/strong> i <strong>trobar <\/strong>el <strong>material<\/strong> per construir la nostra maqueta i comen\u00e7ar a <strong>utilitzar<\/strong> el <strong>ZumKit Junior<\/strong> per elaborar diferents elements que no es poden fer amb material ordinari.<\/li>\n\n\n\n<li>Despr\u00e9s, amb l\u2019ordinador, a trav\u00e9s de <strong>bitbloq<\/strong>, hem acordat <strong>programar<\/strong> tot el que necessitem; com l\u2019assecador de mans, el bot\u00f3 de la porta, el bot\u00f3 d\u2019emerg\u00e8ncia, l&#8217;aixeta&#8230;<\/li>\n\n\n\n<li>Finalment, necessitarem <strong>unir<\/strong> els diferents<strong> materials<\/strong> com cart\u00f3, paper, llapis&#8230; i sobretot els <strong>elements<\/strong> del <strong>ZumKit Junior<\/strong>, que \u00e9s l&#8217;essencial per aplicar les millores proposades.<\/li>\n<\/ul>\n\n\n\n<p>Per ensenyar-ho la nostra proposta a l\u2019<strong>exposici\u00f3<\/strong>, continuarem preparant aquesta <strong>maqueta<\/strong> amb totes les <strong>propostes<\/strong> de <strong>millora<\/strong> per aplicar a la <strong>resid\u00e8ncia d&#8217;avis<\/strong>.<\/p>\n\n\n\n<p>Ens veiem el <strong>4<\/strong> de <strong>juny<\/strong> a <strong>Barcelona<\/strong> amb moltes ganes!<\/p>\n\n\n\n<figure class=\"wp-block-embed is-type-video is-provider-youtube wp-block-embed-youtube wp-embed-aspect-16-9 wp-has-aspect-ratio\"><div class=\"wp-block-embed__wrapper\">\n<iframe loading=\"lazy\" title=\"Valderesi\" width=\"840\" height=\"473\" src=\"https:\/\/www.youtube.com\/embed\/dIpY4fY8jkI?feature=oembed\" frameborder=\"0\" allow=\"accelerometer; autoplay; clipboard-write; encrypted-media; gyroscope; picture-in-picture; web-share\" referrerpolicy=\"strict-origin-when-cross-origin\" allowfullscreen><\/iframe>\n<\/div><\/figure>\n","protected":false},"excerpt":{"rendered":"<p>Hola de nou! Tornem a ser els alumnes de 5\u00e8 i 6\u00e8 de l\u2019Escola Valdelors de Vandell\u00f2s, i escrivim per<\/p>\n","protected":false},"author":4044,"featured_media":0,"comment_status":"open","ping_status":"open","sticky":false,"template":"","format":"standard","meta":{"footnotes":""},"categories":[4],"tags":[],"class_list":["post-28189","post","type-post","status-publish","format-standard","hentry","category-blog-retotech"],"_links":{"self":[{"href":"https:\/\/retotech.fundacionendesa.org\/multisite\/wp-json\/wp\/v2\/posts\/28189"}],"collection":[{"href":"https:\/\/retotech.fundacionendesa.org\/multisite\/wp-json\/wp\/v2\/posts"}],"about":[{"href":"https:\/\/retotech.fundacionendesa.org\/multisite\/wp-json\/wp\/v2\/types\/post"}],"author":[{"embeddable":true,"href":"https:\/\/retotech.fundacionendesa.org\/multisite\/wp-json\/wp\/v2\/users\/4044"}],"replies":[{"embeddable":true,"href":"https:\/\/retotech.fundacionendesa.org\/multisite\/wp-json\/wp\/v2\/comments?post=28189"}],"version-history":[{"count":1,"href":"https:\/\/retotech.fundacionendesa.org\/multisite\/wp-json\/wp\/v2\/posts\/28189\/revisions"}],"predecessor-version":[{"id":28190,"href":"https:\/\/retotech.fundacionendesa.org\/multisite\/wp-json\/wp\/v2\/posts\/28189\/revisions\/28190"}],"wp:attachment":[{"href":"https:\/\/retotech.fundacionendesa.org\/multisite\/wp-json\/wp\/v2\/media?parent=28189"}],"wp:term":[{"taxonomy":"category","embeddable":true,"href":"https:\/\/retotech.fundacionendesa.org\/multisite\/wp-json\/wp\/v2\/categories?post=28189"},{"taxonomy":"post_tag","embeddable":true,"href":"https:\/\/retotech.fundacionendesa.org\/multisite\/wp-json\/wp\/v2\/tags?post=28189"}],"curies":[{"name":"wp","href":"https:\/\/api.w.org\/{rel}","templated":true}]}}