{"id":28180,"date":"2026-04-28T10:00:11","date_gmt":"2026-04-28T10:00:11","guid":{"rendered":"https:\/\/retotech.fundacionendesa.org\/multisite\/?p=28180"},"modified":"2026-04-28T10:00:11","modified_gmt":"2026-04-28T10:00:11","slug":"el-projecte-comparador-de-pesos","status":"publish","type":"post","link":"https:\/\/retotech.fundacionendesa.org\/multisite\/2026\/04\/28\/el-projecte-comparador-de-pesos\/","title":{"rendered":"El projecte: \u00abComparador de pesos\u00bb"},"content":{"rendered":"\n<p>Des de l&#8217;institut Manuel de Pedrolo ja estem treballant a ple rendiment amb el projecte final. L\u2019objectiu \u00e9s palesar de manera objectiva la proporci\u00f3 entre el pes de la motxilla de l\u2019alumne i el seu propi pes corporal, amb la finalitat de vetllar perqu\u00e8 la c\u00e0rrega no n&#8217;excedeixi el 10 %.<br>Per a la comparaci\u00f3 de magnituds, s\u2019han programat dues b\u00e0scules mitjan\u00e7ant l&#8217;entorn Bitbloq (emprant les llibreries Robotics Adv) i s\u2019ha utilitzat un aparell de mesura. L\u2019activitat s\u2019ha organitzat en grups de quatre o cinc alumnes, els quals s\u2019han distribu\u00eft les tasques de manera cooperativa.<br>Us presentem a la seg\u00fcent imatge del prototip de les dues b\u00e0scules.<\/p>\n\n\n\n<figure class=\"wp-block-image size-full\"><img loading=\"lazy\" decoding=\"async\" width=\"444\" height=\"645\" src=\"https:\/\/retotech.fundacionendesa.org\/multisite\/wp-content\/uploads\/sites\/3\/2026\/04\/bascula.jpg\" alt=\"\" class=\"wp-image-28181\" srcset=\"https:\/\/retotech.fundacionendesa.org\/multisite\/wp-content\/uploads\/sites\/3\/2026\/04\/bascula.jpg 444w, https:\/\/retotech.fundacionendesa.org\/multisite\/wp-content\/uploads\/sites\/3\/2026\/04\/bascula-207x300.jpg 207w\" sizes=\"(max-width: 444px) 100vw, 444px\" \/><\/figure>\n\n\n\n<figure class=\"wp-block-embed is-type-video is-provider-youtube wp-block-embed-youtube wp-embed-aspect-16-9 wp-has-aspect-ratio\"><div class=\"wp-block-embed__wrapper\">\n<iframe loading=\"lazy\" title=\"Reto Tech INS Manuel de Pedrolo 25 26 3r ESO\" width=\"840\" height=\"473\" src=\"https:\/\/www.youtube.com\/embed\/cb_dSgdJJCQ?feature=oembed\" frameborder=\"0\" allow=\"accelerometer; autoplay; clipboard-write; encrypted-media; gyroscope; picture-in-picture; web-share\" referrerpolicy=\"strict-origin-when-cross-origin\" allowfullscreen><\/iframe>\n<\/div><\/figure>\n\n\n\n<p><\/p>\n\n\n\n<p>Ens veiem a Barcelona!<\/p>\n","protected":false},"excerpt":{"rendered":"<p>Des de l&#8217;institut Manuel de Pedrolo ja estem treballant a ple rendiment amb el projecte final. L\u2019objectiu \u00e9s palesar de<\/p>\n","protected":false},"author":6279,"featured_media":0,"comment_status":"open","ping_status":"open","sticky":false,"template":"","format":"standard","meta":{"footnotes":""},"categories":[4],"tags":[],"class_list":["post-28180","post","type-post","status-publish","format-standard","hentry","category-blog-retotech"],"_links":{"self":[{"href":"https:\/\/retotech.fundacionendesa.org\/multisite\/wp-json\/wp\/v2\/posts\/28180"}],"collection":[{"href":"https:\/\/retotech.fundacionendesa.org\/multisite\/wp-json\/wp\/v2\/posts"}],"about":[{"href":"https:\/\/retotech.fundacionendesa.org\/multisite\/wp-json\/wp\/v2\/types\/post"}],"author":[{"embeddable":true,"href":"https:\/\/retotech.fundacionendesa.org\/multisite\/wp-json\/wp\/v2\/users\/6279"}],"replies":[{"embeddable":true,"href":"https:\/\/retotech.fundacionendesa.org\/multisite\/wp-json\/wp\/v2\/comments?post=28180"}],"version-history":[{"count":1,"href":"https:\/\/retotech.fundacionendesa.org\/multisite\/wp-json\/wp\/v2\/posts\/28180\/revisions"}],"predecessor-version":[{"id":28184,"href":"https:\/\/retotech.fundacionendesa.org\/multisite\/wp-json\/wp\/v2\/posts\/28180\/revisions\/28184"}],"wp:attachment":[{"href":"https:\/\/retotech.fundacionendesa.org\/multisite\/wp-json\/wp\/v2\/media?parent=28180"}],"wp:term":[{"taxonomy":"category","embeddable":true,"href":"https:\/\/retotech.fundacionendesa.org\/multisite\/wp-json\/wp\/v2\/categories?post=28180"},{"taxonomy":"post_tag","embeddable":true,"href":"https:\/\/retotech.fundacionendesa.org\/multisite\/wp-json\/wp\/v2\/tags?post=28180"}],"curies":[{"name":"wp","href":"https:\/\/api.w.org\/{rel}","templated":true}]}}