{"id":28173,"date":"2026-04-28T11:06:15","date_gmt":"2026-04-28T11:06:15","guid":{"rendered":"https:\/\/retotech.fundacionendesa.org\/multisite\/?p=28173"},"modified":"2026-04-28T11:06:15","modified_gmt":"2026-04-28T11:06:15","slug":"ies-alvareda-2","status":"publish","type":"post","link":"https:\/\/retotech.fundacionendesa.org\/multisite\/2026\/04\/28\/ies-alvareda-2\/","title":{"rendered":"IES ALVAREDA"},"content":{"rendered":"\n<p>\u00a1\u00a1Hola a todos y a todas!!<\/p>\n\n\n\n<p>Estamos ya en la recta final de nuestro proyecto y tenemos muchas ganas del que llegue el d\u00eda del Festival.<\/p>\n\n\n\n<p>Durante este trimestre hemos empezado a trabajar en el proyecto que vamos a presentar en el Festival Final auton\u00f3mico. Una vez hemos definido completamente el trabajo, hemos comenzado con la programaci\u00f3n de la placa. Hemos tenido algunos problemas con los sensores que \u00edbamos a usar pero lo hemos solucionado utilizando un potenci\u00f3metro y todo funciona bien ahora. Despu\u00e9s hemos empezado con la maqueta, a\u00fan nos queda algo de trabajo con ella pero todo el grupo estamos trabajando conjuntamente para realizarla. Por \u00faltimo nos queda finalizar la App m\u00f3vil y ponerlo todo a funcionar conjuntamente.<\/p>\n\n\n\n<p>Tambi\u00e9n hemos hecho el video de presentaci\u00f3n de nuestro proyecto, os lo dejamos por aqu\u00ed:<\/p>\n\n\n\n<p><a href=\"https:\/\/www.youtube.com\/watch?v=fKtXtDt_Sc0\">Control del ruido como medida de inclusi\u00f3n. Proyecto RetoTech IES ALVAREDA<\/a><\/p>\n\n\n\n<p> \u00a1\u00a1Estamos deseando mostraros el resultado!!  \u00a1\u00a1Nos vemos en M\u00e1laga!!<\/p>\n\n\n\n<p><\/p>\n","protected":false},"excerpt":{"rendered":"<p>\u00a1\u00a1Hola a todos y a todas!! Estamos ya en la recta final de nuestro proyecto y tenemos muchas ganas del<\/p>\n","protected":false},"author":6199,"featured_media":0,"comment_status":"open","ping_status":"open","sticky":false,"template":"","format":"standard","meta":{"footnotes":""},"categories":[4],"tags":[],"class_list":["post-28173","post","type-post","status-publish","format-standard","hentry","category-blog-retotech"],"_links":{"self":[{"href":"https:\/\/retotech.fundacionendesa.org\/multisite\/wp-json\/wp\/v2\/posts\/28173"}],"collection":[{"href":"https:\/\/retotech.fundacionendesa.org\/multisite\/wp-json\/wp\/v2\/posts"}],"about":[{"href":"https:\/\/retotech.fundacionendesa.org\/multisite\/wp-json\/wp\/v2\/types\/post"}],"author":[{"embeddable":true,"href":"https:\/\/retotech.fundacionendesa.org\/multisite\/wp-json\/wp\/v2\/users\/6199"}],"replies":[{"embeddable":true,"href":"https:\/\/retotech.fundacionendesa.org\/multisite\/wp-json\/wp\/v2\/comments?post=28173"}],"version-history":[{"count":2,"href":"https:\/\/retotech.fundacionendesa.org\/multisite\/wp-json\/wp\/v2\/posts\/28173\/revisions"}],"predecessor-version":[{"id":28191,"href":"https:\/\/retotech.fundacionendesa.org\/multisite\/wp-json\/wp\/v2\/posts\/28173\/revisions\/28191"}],"wp:attachment":[{"href":"https:\/\/retotech.fundacionendesa.org\/multisite\/wp-json\/wp\/v2\/media?parent=28173"}],"wp:term":[{"taxonomy":"category","embeddable":true,"href":"https:\/\/retotech.fundacionendesa.org\/multisite\/wp-json\/wp\/v2\/categories?post=28173"},{"taxonomy":"post_tag","embeddable":true,"href":"https:\/\/retotech.fundacionendesa.org\/multisite\/wp-json\/wp\/v2\/tags?post=28173"}],"curies":[{"name":"wp","href":"https:\/\/api.w.org\/{rel}","templated":true}]}}