{"id":28107,"date":"2026-04-26T17:11:11","date_gmt":"2026-04-26T17:11:11","guid":{"rendered":"https:\/\/retotech.fundacionendesa.org\/multisite\/?p=28107"},"modified":"2026-04-26T17:11:11","modified_gmt":"2026-04-26T17:11:11","slug":"estepa-3-0-tradicion-tecnologia-y-mantecados","status":"publish","type":"post","link":"https:\/\/retotech.fundacionendesa.org\/multisite\/2026\/04\/26\/estepa-3-0-tradicion-tecnologia-y-mantecados\/","title":{"rendered":"Estepa 3.0: Tradici\u00f3n, Tecnolog\u00eda y Mantecados"},"content":{"rendered":"\n<p>\u00bfC\u00f3mo unir una tradici\u00f3n de m\u00e1s de 150 a\u00f1os con la tecnolog\u00eda del futuro? Los alumno de 2\u00ba ESO del IES Ostippo aceptamos el desaf\u00edo.<\/p>\n\n\n\n<p>Nuestro proyecto consiste en una maqueta automatizada de un Mercado Navide\u00f1o inspirado en la plaza del Carmen de nuestro pueblo, Estepa, la capital mundial del mantecado. El objetivo es doble: poner en valor nuestra industria local y fomentar el turismo a trav\u00e9s de la innovaci\u00f3n.<\/p>\n\n\n\n<p>\u00bfQu\u00e9 estamos desarrollando?<\/p>\n\n\n\n<ul class=\"wp-block-list\">\n<li>Programaci\u00f3n y rob\u00f3tica mediante sensores y actuadores, hemos dado vida al mercado.<\/li>\n<\/ul>\n\n\n\n<ul class=\"wp-block-list\">\n<li>Trabajo en equipo: nos hemos organizado para superar los retos t\u00e9cnicos que han ido surgiendo.<\/li>\n<\/ul>\n\n\n\n<ul class=\"wp-block-list\">\n<li>Dise\u00f1o e impresi\u00f3n 3D: fabricando nuestras propias piezas y elementos decorativos para dar realismo a la maqueta.<\/li>\n<\/ul>\n\n\n<div class=\"wp-block-image\">\n<figure class=\"aligncenter size-large\"><img loading=\"lazy\" decoding=\"async\" width=\"1024\" height=\"724\" src=\"https:\/\/retotech.fundacionendesa.org\/multisite\/wp-content\/uploads\/sites\/3\/2026\/04\/Ver-fotos-recientes_page-0001-1024x724.jpg\" alt=\"\" class=\"wp-image-28109\" srcset=\"https:\/\/retotech.fundacionendesa.org\/multisite\/wp-content\/uploads\/sites\/3\/2026\/04\/Ver-fotos-recientes_page-0001-1024x724.jpg 1024w, https:\/\/retotech.fundacionendesa.org\/multisite\/wp-content\/uploads\/sites\/3\/2026\/04\/Ver-fotos-recientes_page-0001-300x212.jpg 300w, https:\/\/retotech.fundacionendesa.org\/multisite\/wp-content\/uploads\/sites\/3\/2026\/04\/Ver-fotos-recientes_page-0001-768x543.jpg 768w, https:\/\/retotech.fundacionendesa.org\/multisite\/wp-content\/uploads\/sites\/3\/2026\/04\/Ver-fotos-recientes_page-0001-1536x1085.jpg 1536w, https:\/\/retotech.fundacionendesa.org\/multisite\/wp-content\/uploads\/sites\/3\/2026\/04\/Ver-fotos-recientes_page-0001.jpg 1755w\" sizes=\"(max-width: 1024px) 100vw, 1024px\" \/><\/figure><\/div>","protected":false},"excerpt":{"rendered":"<p>\u00bfC\u00f3mo unir una tradici\u00f3n de m\u00e1s de 150 a\u00f1os con la tecnolog\u00eda del futuro? Los alumno de 2\u00ba ESO del<\/p>\n","protected":false},"author":6214,"featured_media":0,"comment_status":"open","ping_status":"open","sticky":false,"template":"","format":"standard","meta":{"footnotes":""},"categories":[4],"tags":[],"class_list":["post-28107","post","type-post","status-publish","format-standard","hentry","category-blog-retotech"],"_links":{"self":[{"href":"https:\/\/retotech.fundacionendesa.org\/multisite\/wp-json\/wp\/v2\/posts\/28107"}],"collection":[{"href":"https:\/\/retotech.fundacionendesa.org\/multisite\/wp-json\/wp\/v2\/posts"}],"about":[{"href":"https:\/\/retotech.fundacionendesa.org\/multisite\/wp-json\/wp\/v2\/types\/post"}],"author":[{"embeddable":true,"href":"https:\/\/retotech.fundacionendesa.org\/multisite\/wp-json\/wp\/v2\/users\/6214"}],"replies":[{"embeddable":true,"href":"https:\/\/retotech.fundacionendesa.org\/multisite\/wp-json\/wp\/v2\/comments?post=28107"}],"version-history":[{"count":2,"href":"https:\/\/retotech.fundacionendesa.org\/multisite\/wp-json\/wp\/v2\/posts\/28107\/revisions"}],"predecessor-version":[{"id":28110,"href":"https:\/\/retotech.fundacionendesa.org\/multisite\/wp-json\/wp\/v2\/posts\/28107\/revisions\/28110"}],"wp:attachment":[{"href":"https:\/\/retotech.fundacionendesa.org\/multisite\/wp-json\/wp\/v2\/media?parent=28107"}],"wp:term":[{"taxonomy":"category","embeddable":true,"href":"https:\/\/retotech.fundacionendesa.org\/multisite\/wp-json\/wp\/v2\/categories?post=28107"},{"taxonomy":"post_tag","embeddable":true,"href":"https:\/\/retotech.fundacionendesa.org\/multisite\/wp-json\/wp\/v2\/tags?post=28107"}],"curies":[{"name":"wp","href":"https:\/\/api.w.org\/{rel}","templated":true}]}}