{"id":28100,"date":"2026-04-24T13:32:00","date_gmt":"2026-04-24T13:32:00","guid":{"rendered":"https:\/\/retotech.fundacionendesa.org\/multisite\/?p=28100"},"modified":"2026-04-25T19:53:51","modified_gmt":"2026-04-25T19:53:51","slug":"ja-esta-disponible-el-video-explicatiu-del-projecte-del-bus-urba-de-valls","status":"publish","type":"post","link":"https:\/\/retotech.fundacionendesa.org\/multisite\/2026\/04\/24\/ja-esta-disponible-el-video-explicatiu-del-projecte-del-bus-urba-de-valls\/","title":{"rendered":"Ja est\u00e0 disponible el v\u00eddeo explicatiu del projecte del bus urb\u00e0 de Valls"},"content":{"rendered":"\n<p>Ja podem dir-ho oficialment: el v\u00eddeo on expliquem tot el proc\u00e9s del projecte del bus urb\u00e0 de Valls ja est\u00e0 publicat i el podeu veure a YouTube.<\/p>\n\n\n\n<figure class=\"wp-block-embed is-type-video is-provider-youtube wp-block-embed-youtube wp-embed-aspect-16-9 wp-has-aspect-ratio\"><div class=\"wp-block-embed__wrapper\">\n<iframe loading=\"lazy\" title=\"El Bus Urb\u00e0 de Valls CdM\" width=\"840\" height=\"473\" src=\"https:\/\/www.youtube.com\/embed\/3nZuWm4x9ks?feature=oembed\" frameborder=\"0\" allow=\"accelerometer; autoplay; clipboard-write; encrypted-media; gyroscope; picture-in-picture; web-share\" referrerpolicy=\"strict-origin-when-cross-origin\" allowfullscreen><\/iframe>\n<\/div><\/figure>\n\n\n\n<p>En aquest v\u00eddeo hi trobareu una explicaci\u00f3 clara i entenedora, pas a pas, sobre el tema que hem anat comentant en cadascuna de les entrades al blog que hem anat fent al llarg del curs. L\u2019objectiu \u00e9s posar context i mostrar de manera visual all\u00f2 que sovint costa d\u2019explicar nom\u00e9s amb text.<\/p>\n\n\n\n<p>Si voleu entendre millor com funciona, per qu\u00e8 s\u2019ha fet d\u2019aquesta manera i quins punts cal tenir en compte, aquest v\u00eddeo us ser\u00e0 especialment \u00fatil.<\/p>\n\n\n\n<p>Us animem a mirar-lo amb calma i, si us sorgeix qualsevol pregunta o comentari, a compartir-lo amb nosaltres. Esperem que us sigui d\u2019ajuda!<\/p>\n","protected":false},"excerpt":{"rendered":"<p>Ja podem dir-ho oficialment: el v\u00eddeo on expliquem tot el proc\u00e9s del projecte del bus urb\u00e0 de Valls ja est\u00e0<\/p>\n","protected":false},"author":3317,"featured_media":0,"comment_status":"open","ping_status":"open","sticky":false,"template":"","format":"standard","meta":{"footnotes":""},"categories":[4],"tags":[],"class_list":["post-28100","post","type-post","status-publish","format-standard","hentry","category-blog-retotech"],"_links":{"self":[{"href":"https:\/\/retotech.fundacionendesa.org\/multisite\/wp-json\/wp\/v2\/posts\/28100"}],"collection":[{"href":"https:\/\/retotech.fundacionendesa.org\/multisite\/wp-json\/wp\/v2\/posts"}],"about":[{"href":"https:\/\/retotech.fundacionendesa.org\/multisite\/wp-json\/wp\/v2\/types\/post"}],"author":[{"embeddable":true,"href":"https:\/\/retotech.fundacionendesa.org\/multisite\/wp-json\/wp\/v2\/users\/3317"}],"replies":[{"embeddable":true,"href":"https:\/\/retotech.fundacionendesa.org\/multisite\/wp-json\/wp\/v2\/comments?post=28100"}],"version-history":[{"count":1,"href":"https:\/\/retotech.fundacionendesa.org\/multisite\/wp-json\/wp\/v2\/posts\/28100\/revisions"}],"predecessor-version":[{"id":28101,"href":"https:\/\/retotech.fundacionendesa.org\/multisite\/wp-json\/wp\/v2\/posts\/28100\/revisions\/28101"}],"wp:attachment":[{"href":"https:\/\/retotech.fundacionendesa.org\/multisite\/wp-json\/wp\/v2\/media?parent=28100"}],"wp:term":[{"taxonomy":"category","embeddable":true,"href":"https:\/\/retotech.fundacionendesa.org\/multisite\/wp-json\/wp\/v2\/categories?post=28100"},{"taxonomy":"post_tag","embeddable":true,"href":"https:\/\/retotech.fundacionendesa.org\/multisite\/wp-json\/wp\/v2\/tags?post=28100"}],"curies":[{"name":"wp","href":"https:\/\/api.w.org\/{rel}","templated":true}]}}