{"id":28093,"date":"2026-04-25T11:17:10","date_gmt":"2026-04-25T11:17:10","guid":{"rendered":"https:\/\/retotech.fundacionendesa.org\/multisite\/?p=28093"},"modified":"2026-04-25T11:20:21","modified_gmt":"2026-04-25T11:20:21","slug":"del-papel-a-la-realidad-maquetas-domoticas-para-el-retotech","status":"publish","type":"post","link":"https:\/\/retotech.fundacionendesa.org\/multisite\/2026\/04\/25\/del-papel-a-la-realidad-maquetas-domoticas-para-el-retotech\/","title":{"rendered":"Del Papel a la Realidad: Maquetas dom\u00f3ticas para el RetoTech"},"content":{"rendered":"\n<p>En la materia de Dibujo T\u00e9cnico nuestros alumnos han dado un paso m\u00e1s all\u00e1 del tablero de dibujo para convertir sus planos en estructuras tangibles. Este trimestre nos hemos embarcado en un proyecto ambicioso: el dise\u00f1o y construcci\u00f3n de maquetas arquitect\u00f3nicas a escala, que servir\u00e1n como base para un desaf\u00edo a\u00fan mayor en la materia de Tecnolog\u00eda.<\/p>\n\n\n\n<h3 class=\"wp-block-heading\"><strong>Innovaci\u00f3n y detalle en cada planta<\/strong><\/h3>\n\n\n\n<p>Trabajando de forma cooperativa en grupos, los alumnos han levantado viviendas de m\u00ednimo dos plantas utilizando materiales como cart\u00f3n pluma, c\u00e9sped artificial y diversos elementos decorativos. No se han limitado a crear una \u201ccaja\u201d; el proyecto en esta primera fase destaca por:<\/p>\n\n\n\n<ol start=\"1\" class=\"wp-block-list\">\n<li><strong>Dise\u00f1o modular:<\/strong> Los techos y pisos son completamente extra\u00edbles, permitiendo una visi\u00f3n clara del dise\u00f1o de interiores y facilitando el acceso t\u00e9cnico.<\/li>\n\n\n\n<li><strong>Fidelidad y escala:<\/strong>\u00a0En todo momento han tenido que ir calculando los tama\u00f1os de todos los elementos y aplicando la misma escala a muros, puertas y muebles para asegurar la fiabilidad y profesionalidad del proyecto.<\/li>\n\n\n\n<li><strong>Paisajismo y exteriores:<\/strong> Cada maqueta cuenta con jardines detallados y zonas exteriores que aportan realismo al conjunto.<\/li>\n\n\n\n<li><strong>Preparadas para el futuro:<\/strong> El dise\u00f1o interior est\u00e1 pensado para la fase posterior de domotizaci\u00f3n que estamos realizando en Tecnolog\u00eda.<\/li>\n<\/ol>\n\n\n\n<hr class=\"wp-block-separator has-alpha-channel-opacity\" \/>\n\n\n\n<h3 class=\"wp-block-heading\"><strong>De maqueta a sistema inteligente: la dom\u00f3tica en acci\u00f3n<\/strong><\/h3>\n\n\n\n<p>En la materia de Tecnolog\u00eda, estas viviendas han evolucionado hacia aut\u00e9nticos prototipos de casas inteligentes utilizando <strong>programaci\u00f3n por bloques con Bitbloq<\/strong> y la placa <strong>Zum Core 2.0 del Zum Kit Advanced<\/strong>, basada en Arduino, tal y como exige el enfoque del proyecto&nbsp; .<\/p>\n\n\n\n<p>Las funcionalidades implementadas incluyen:<\/p>\n\n\n\n<ul class=\"wp-block-list\">\n<li><strong>Iluminaci\u00f3n autom\u00e1tica:<\/strong> encendido y apagado en funci\u00f3n de la luz ambiente mediante sensores.<\/li>\n\n\n\n<li><strong>Accesos inteligentes:<\/strong>\n<ul class=\"wp-block-list\">\n<li>Puertas de garaje que se abren al detectar un llavero RFID.<\/li>\n\n\n\n<li>Puertas principales controladas mediante tags RFID (lectura con Arduino y comunicaci\u00f3n con Zum Core 2.0).<\/li>\n<\/ul>\n<\/li>\n\n\n\n<li><strong>Sistema de alarma:<\/strong> detecci\u00f3n de presencia con activaci\u00f3n de se\u00f1al ac\u00fastica.<\/li>\n\n\n\n<li><strong>Energ\u00eda renovable:<\/strong> integraci\u00f3n de placas fotovoltaicas como concepto de autosuficiencia energ\u00e9tica.<\/li>\n\n\n\n<li><strong>Aparcamiento inteligente:<\/strong> plazas que informan de su estado (libre\/ocupado) accesible desde el m\u00f3vil.<\/li>\n\n\n\n<li><strong>Gesti\u00f3n eficiente del agua:<\/strong> reutilizaci\u00f3n de aguas para riego de zonas verdes.<\/li>\n\n\n\n<li><strong>Alumbrado p\u00fablico inteligente:<\/strong> farolas que se activan autom\u00e1ticamente al disminuir la luz ambiental y con dise\u00f1o orientado a reducir la contaminaci\u00f3n lum\u00ednica (s\u00ed, aqu\u00ed hay conciencia astron\u00f3mica \ud83d\ude0f).<\/li>\n<\/ul>\n\n\n\n<figure class=\"wp-block-gallery has-nested-images columns-default is-cropped wp-block-gallery-1 is-layout-flex wp-block-gallery-is-layout-flex\">\n<figure class=\"wp-block-image size-large\"><img loading=\"lazy\" decoding=\"async\" width=\"1000\" height=\"750\" data-id=\"28095\" src=\"https:\/\/retotech.fundacionendesa.org\/multisite\/wp-content\/uploads\/sites\/3\/2026\/04\/IMG_4571.jpg\" alt=\"\" class=\"wp-image-28095\" srcset=\"https:\/\/retotech.fundacionendesa.org\/multisite\/wp-content\/uploads\/sites\/3\/2026\/04\/IMG_4571.jpg 1000w, https:\/\/retotech.fundacionendesa.org\/multisite\/wp-content\/uploads\/sites\/3\/2026\/04\/IMG_4571-300x225.jpg 300w, https:\/\/retotech.fundacionendesa.org\/multisite\/wp-content\/uploads\/sites\/3\/2026\/04\/IMG_4571-768x576.jpg 768w\" sizes=\"(max-width: 1000px) 100vw, 1000px\" \/><\/figure>\n\n\n\n<figure class=\"wp-block-image size-large\"><img loading=\"lazy\" decoding=\"async\" width=\"1000\" height=\"750\" data-id=\"28094\" src=\"https:\/\/retotech.fundacionendesa.org\/multisite\/wp-content\/uploads\/sites\/3\/2026\/04\/IMG_4572.jpg\" alt=\"\" class=\"wp-image-28094\" srcset=\"https:\/\/retotech.fundacionendesa.org\/multisite\/wp-content\/uploads\/sites\/3\/2026\/04\/IMG_4572.jpg 1000w, https:\/\/retotech.fundacionendesa.org\/multisite\/wp-content\/uploads\/sites\/3\/2026\/04\/IMG_4572-300x225.jpg 300w, https:\/\/retotech.fundacionendesa.org\/multisite\/wp-content\/uploads\/sites\/3\/2026\/04\/IMG_4572-768x576.jpg 768w\" sizes=\"(max-width: 1000px) 100vw, 1000px\" \/><\/figure>\n<\/figure>\n\n\n\n<hr class=\"wp-block-separator has-alpha-channel-opacity\" \/>\n\n\n\n<figure class=\"wp-block-image size-large is-resized\"><img loading=\"lazy\" decoding=\"async\" width=\"1024\" height=\"527\" src=\"https:\/\/retotech.fundacionendesa.org\/multisite\/wp-content\/uploads\/sites\/3\/2026\/04\/retotech-1024x527.jpg\" alt=\"\" class=\"wp-image-28096\" style=\"width:880px;height:auto\" srcset=\"https:\/\/retotech.fundacionendesa.org\/multisite\/wp-content\/uploads\/sites\/3\/2026\/04\/retotech-1024x527.jpg 1024w, https:\/\/retotech.fundacionendesa.org\/multisite\/wp-content\/uploads\/sites\/3\/2026\/04\/retotech-300x155.jpg 300w, https:\/\/retotech.fundacionendesa.org\/multisite\/wp-content\/uploads\/sites\/3\/2026\/04\/retotech-768x396.jpg 768w, https:\/\/retotech.fundacionendesa.org\/multisite\/wp-content\/uploads\/sites\/3\/2026\/04\/retotech-1536x791.jpg 1536w, https:\/\/retotech.fundacionendesa.org\/multisite\/wp-content\/uploads\/sites\/3\/2026\/04\/retotech-2048x1055.jpg 2048w\" sizes=\"(max-width: 1024px) 100vw, 1024px\" \/><\/figure>\n\n\n\n<h3 class=\"wp-block-heading\"><strong>M\u00e1s all\u00e1 del proyecto: pensar como ingenieros<\/strong><\/h3>\n\n\n\n<p>El proyecto no se queda en lo t\u00e9cnico: plantea a los alumnos problemas reales de ingenier\u00eda:<\/p>\n\n\n\n<ul class=\"wp-block-list\">\n<li>Integraci\u00f3n de sistemas (sensores + actuadores + software)<\/li>\n\n\n\n<li>Eficiencia energ\u00e9tica<\/li>\n\n\n\n<li>Dise\u00f1o funcional vs. est\u00e9tico<\/li>\n\n\n\n<li>Escalabilidad de soluciones urbanas<\/li>\n<\/ul>\n\n\n\n<p>Y aqu\u00ed viene la parte interesante: esto es exactamente lo que se busca en RetoTech, <strong>resolver necesidades reales mediante tecnolog\u00eda aplicada<\/strong>, no solo montar cacharritos&nbsp; .<\/p>\n\n\n\n<hr class=\"wp-block-separator has-alpha-channel-opacity\" \/>\n\n\n\n<h3 class=\"wp-block-heading\"><strong>Otras ideas en desarrollo<\/strong><\/h3>\n\n\n\n<p>El alumnado ya est\u00e1 proponiendo nuevas mejoras:<\/p>\n\n\n\n<ul class=\"wp-block-list\">\n<li>Control por app m\u00f3vil centralizada<\/li>\n\n\n\n<li>Sistemas de riego autom\u00e1tico con sensores de humedad<\/li>\n\n\n\n<li>Monitorizaci\u00f3n ambiental (temperatura, calidad del aire\u2026)<\/li>\n\n\n\n<li>Integraci\u00f3n con asistentes de voz<\/li>\n\n\n\n<li>Redes de comunicaci\u00f3n entre viviendas (rollo \u201cmini smart city\u201d)<\/li>\n<\/ul>\n","protected":false},"excerpt":{"rendered":"<p>En la materia de Dibujo T\u00e9cnico nuestros alumnos han dado un paso m\u00e1s all\u00e1 del tablero de dibujo para convertir<\/p>\n","protected":false},"author":6206,"featured_media":0,"comment_status":"open","ping_status":"open","sticky":false,"template":"","format":"standard","meta":{"footnotes":""},"categories":[4],"tags":[],"class_list":["post-28093","post","type-post","status-publish","format-standard","hentry","category-blog-retotech"],"_links":{"self":[{"href":"https:\/\/retotech.fundacionendesa.org\/multisite\/wp-json\/wp\/v2\/posts\/28093"}],"collection":[{"href":"https:\/\/retotech.fundacionendesa.org\/multisite\/wp-json\/wp\/v2\/posts"}],"about":[{"href":"https:\/\/retotech.fundacionendesa.org\/multisite\/wp-json\/wp\/v2\/types\/post"}],"author":[{"embeddable":true,"href":"https:\/\/retotech.fundacionendesa.org\/multisite\/wp-json\/wp\/v2\/users\/6206"}],"replies":[{"embeddable":true,"href":"https:\/\/retotech.fundacionendesa.org\/multisite\/wp-json\/wp\/v2\/comments?post=28093"}],"version-history":[{"count":3,"href":"https:\/\/retotech.fundacionendesa.org\/multisite\/wp-json\/wp\/v2\/posts\/28093\/revisions"}],"predecessor-version":[{"id":28099,"href":"https:\/\/retotech.fundacionendesa.org\/multisite\/wp-json\/wp\/v2\/posts\/28093\/revisions\/28099"}],"wp:attachment":[{"href":"https:\/\/retotech.fundacionendesa.org\/multisite\/wp-json\/wp\/v2\/media?parent=28093"}],"wp:term":[{"taxonomy":"category","embeddable":true,"href":"https:\/\/retotech.fundacionendesa.org\/multisite\/wp-json\/wp\/v2\/categories?post=28093"},{"taxonomy":"post_tag","embeddable":true,"href":"https:\/\/retotech.fundacionendesa.org\/multisite\/wp-json\/wp\/v2\/tags?post=28093"}],"curies":[{"name":"wp","href":"https:\/\/api.w.org\/{rel}","templated":true}]}}