{"id":28012,"date":"2026-04-20T11:43:09","date_gmt":"2026-04-20T11:43:09","guid":{"rendered":"https:\/\/retotech.fundacionendesa.org\/multisite\/?p=28012"},"modified":"2026-04-20T11:43:09","modified_gmt":"2026-04-20T11:43:09","slug":"un-canvi-en-el-cami","status":"publish","type":"post","link":"https:\/\/retotech.fundacionendesa.org\/multisite\/2026\/04\/20\/un-canvi-en-el-cami\/","title":{"rendered":"Un canvi en el cam\u00ed"},"content":{"rendered":"\n<p>La primera idea que vam tenir consistia en treballar dues Situacions d&#8217;aprenentatge que desenvolupem a sis\u00e8.<\/p>\n\n\n\n<p>Per\u00f2 el temps, les activitats extraordin\u00e0ries i el calendari setmanal ens ha fet canviar de mirada en el nostre cam\u00ed. Per aquest motiu decidim deixar a un costat el treball sobre la reproducci\u00f3 i la sexualitat, on vol\u00edem desenvolupar un ec\u00f2graf, i passem a la idea general: dissenyar maquetes sobre els invents que van ajduar al progr\u00e9s de l&#8217;\u00e8poca de l&#8217;edat moderna.<\/p>\n\n\n\n<p>Qu\u00e8 veureu a la Fira de mostra?<\/p>\n\n\n\n<p>Un pont llevad\u00eds creat amb fustes i un altre amb peces de Lego. Tamb\u00e9 una ciutat on exposaran els invents.<\/p>\n\n\n\n<p>Estem treballant de valentes per poder fer una exposici\u00f3 d&#8217;aquestes maquetes que mostrin la coher\u00e8ncia amb els invents d&#8217;aquella \u00e8poca i veure com gr\u00e0cies al passat, tenim un present concret i que ens ajudi a millor el futur proper!<\/p>\n","protected":false},"excerpt":{"rendered":"<p>La primera idea que vam tenir consistia en treballar dues Situacions d&#8217;aprenentatge que desenvolupem a sis\u00e8. Per\u00f2 el temps, les<\/p>\n","protected":false},"author":6268,"featured_media":0,"comment_status":"open","ping_status":"open","sticky":false,"template":"","format":"standard","meta":{"footnotes":""},"categories":[4],"tags":[],"class_list":["post-28012","post","type-post","status-publish","format-standard","hentry","category-blog-retotech"],"_links":{"self":[{"href":"https:\/\/retotech.fundacionendesa.org\/multisite\/wp-json\/wp\/v2\/posts\/28012"}],"collection":[{"href":"https:\/\/retotech.fundacionendesa.org\/multisite\/wp-json\/wp\/v2\/posts"}],"about":[{"href":"https:\/\/retotech.fundacionendesa.org\/multisite\/wp-json\/wp\/v2\/types\/post"}],"author":[{"embeddable":true,"href":"https:\/\/retotech.fundacionendesa.org\/multisite\/wp-json\/wp\/v2\/users\/6268"}],"replies":[{"embeddable":true,"href":"https:\/\/retotech.fundacionendesa.org\/multisite\/wp-json\/wp\/v2\/comments?post=28012"}],"version-history":[{"count":1,"href":"https:\/\/retotech.fundacionendesa.org\/multisite\/wp-json\/wp\/v2\/posts\/28012\/revisions"}],"predecessor-version":[{"id":28013,"href":"https:\/\/retotech.fundacionendesa.org\/multisite\/wp-json\/wp\/v2\/posts\/28012\/revisions\/28013"}],"wp:attachment":[{"href":"https:\/\/retotech.fundacionendesa.org\/multisite\/wp-json\/wp\/v2\/media?parent=28012"}],"wp:term":[{"taxonomy":"category","embeddable":true,"href":"https:\/\/retotech.fundacionendesa.org\/multisite\/wp-json\/wp\/v2\/categories?post=28012"},{"taxonomy":"post_tag","embeddable":true,"href":"https:\/\/retotech.fundacionendesa.org\/multisite\/wp-json\/wp\/v2\/tags?post=28012"}],"curies":[{"name":"wp","href":"https:\/\/api.w.org\/{rel}","templated":true}]}}