{"id":27962,"date":"2026-04-15T10:58:38","date_gmt":"2026-04-15T10:58:38","guid":{"rendered":"https:\/\/retotech.fundacionendesa.org\/multisite\/?p=27962"},"modified":"2026-04-15T10:58:38","modified_gmt":"2026-04-15T10:58:38","slug":"ies-fuente-luna-va-cogiendo-forma","status":"publish","type":"post","link":"https:\/\/retotech.fundacionendesa.org\/multisite\/2026\/04\/15\/ies-fuente-luna-va-cogiendo-forma\/","title":{"rendered":"IES Fuente Luna va cogiendo forma"},"content":{"rendered":"\n<figure class=\"wp-block-image size-full is-resized\"><img loading=\"lazy\" decoding=\"async\" width=\"610\" height=\"811\" src=\"https:\/\/retotech.fundacionendesa.org\/multisite\/wp-content\/uploads\/sites\/3\/2026\/04\/4.png\" alt=\"\" class=\"wp-image-27963\" style=\"width:150px;height:auto\" srcset=\"https:\/\/retotech.fundacionendesa.org\/multisite\/wp-content\/uploads\/sites\/3\/2026\/04\/4.png 610w, https:\/\/retotech.fundacionendesa.org\/multisite\/wp-content\/uploads\/sites\/3\/2026\/04\/4-226x300.png 226w\" sizes=\"(max-width: 610px) 100vw, 610px\" \/><\/figure>\n\n\n\n<figure class=\"wp-block-image size-full is-resized\"><img loading=\"lazy\" decoding=\"async\" width=\"598\" height=\"803\" src=\"https:\/\/retotech.fundacionendesa.org\/multisite\/wp-content\/uploads\/sites\/3\/2026\/04\/6.png\" alt=\"\" class=\"wp-image-27964\" style=\"width:175px;height:auto\" srcset=\"https:\/\/retotech.fundacionendesa.org\/multisite\/wp-content\/uploads\/sites\/3\/2026\/04\/6.png 598w, https:\/\/retotech.fundacionendesa.org\/multisite\/wp-content\/uploads\/sites\/3\/2026\/04\/6-223x300.png 223w\" sizes=\"(max-width: 598px) 100vw, 598px\" \/><\/figure>\n\n\n\n<p>Nuestra maqueta del IES Fuente Luna va cogiendo forma. Ya tenemos el edificio principal y el pozo de agua, que nos permitir\u00e1 combatir el problema que sufre nuestra localidad con las inundaciones de invierno. Las placas ZumCore V2 est\u00e1n cargadas con los programas. Ahora, est\u00e1n los alumnos trabajando con las aplicaciones m\u00f3viles para controlar todos los dispositivos. \u00a1Pronto podremos publicar nuevas novedades!<\/p>\n","protected":false},"excerpt":{"rendered":"<p>Nuestra maqueta del IES Fuente Luna va cogiendo forma. Ya tenemos el edificio principal y el pozo de agua, que<\/p>\n","protected":false},"author":6200,"featured_media":0,"comment_status":"open","ping_status":"open","sticky":false,"template":"","format":"standard","meta":{"footnotes":""},"categories":[4],"tags":[],"class_list":["post-27962","post","type-post","status-publish","format-standard","hentry","category-blog-retotech"],"_links":{"self":[{"href":"https:\/\/retotech.fundacionendesa.org\/multisite\/wp-json\/wp\/v2\/posts\/27962"}],"collection":[{"href":"https:\/\/retotech.fundacionendesa.org\/multisite\/wp-json\/wp\/v2\/posts"}],"about":[{"href":"https:\/\/retotech.fundacionendesa.org\/multisite\/wp-json\/wp\/v2\/types\/post"}],"author":[{"embeddable":true,"href":"https:\/\/retotech.fundacionendesa.org\/multisite\/wp-json\/wp\/v2\/users\/6200"}],"replies":[{"embeddable":true,"href":"https:\/\/retotech.fundacionendesa.org\/multisite\/wp-json\/wp\/v2\/comments?post=27962"}],"version-history":[{"count":1,"href":"https:\/\/retotech.fundacionendesa.org\/multisite\/wp-json\/wp\/v2\/posts\/27962\/revisions"}],"predecessor-version":[{"id":27965,"href":"https:\/\/retotech.fundacionendesa.org\/multisite\/wp-json\/wp\/v2\/posts\/27962\/revisions\/27965"}],"wp:attachment":[{"href":"https:\/\/retotech.fundacionendesa.org\/multisite\/wp-json\/wp\/v2\/media?parent=27962"}],"wp:term":[{"taxonomy":"category","embeddable":true,"href":"https:\/\/retotech.fundacionendesa.org\/multisite\/wp-json\/wp\/v2\/categories?post=27962"},{"taxonomy":"post_tag","embeddable":true,"href":"https:\/\/retotech.fundacionendesa.org\/multisite\/wp-json\/wp\/v2\/tags?post=27962"}],"curies":[{"name":"wp","href":"https:\/\/api.w.org\/{rel}","templated":true}]}}