{"id":10793,"date":"2022-04-20T20:54:26","date_gmt":"2022-04-20T20:54:26","guid":{"rendered":"https:\/\/retotech.fundacionendesa.org\/multisite\/?p=10793"},"modified":"2022-04-20T20:54:26","modified_gmt":"2022-04-20T20:54:26","slug":"ceip-blas-infante-de-jerez-disfruta-de-retotech","status":"publish","type":"post","link":"https:\/\/retotech.fundacionendesa.org\/multisite\/2022\/04\/20\/ceip-blas-infante-de-jerez-disfruta-de-retotech\/","title":{"rendered":"CEIP Blas Infante de Jerez disfruta de RetoTech"},"content":{"rendered":"\n<p>Esta es nuestra primera participaci\u00f3n en RetoTech y lo primero que queremos hacer es agradecer la maravillosa oportunidad que se nos ha ofrecido.<\/p>\n\n\n\n<p>Est\u00e1 siendo una experiencia muy gratificante en todos los sentidos. La formaci\u00f3n al profesorado ha sido excelente, con una formaci\u00f3n online muy completa y con unas sesiones presenciales en las que hemos aprendido mucho de una forma muy divertida. Destacar la gran labor de nuestra formadora, que no solo mostraba gran conocimiento, sino que ha sabido conectar con todos nosotros. Cada sesi\u00f3n presencial supuso un aporte de motivaci\u00f3n para llevar a cabo nuestro proyecto.<\/p>\n\n\n\n<figure class=\"wp-block-image size-large\"><img loading=\"lazy\" decoding=\"async\" width=\"1024\" height=\"768\" src=\"https:\/\/retotech.fundacionendesa.org\/multisite\/wp-content\/uploads\/sites\/3\/2022\/04\/IMG_1138-1024x768.jpg\" alt=\"\" class=\"wp-image-10796\" srcset=\"https:\/\/retotech.fundacionendesa.org\/multisite\/wp-content\/uploads\/sites\/3\/2022\/04\/IMG_1138-1024x768.jpg 1024w, https:\/\/retotech.fundacionendesa.org\/multisite\/wp-content\/uploads\/sites\/3\/2022\/04\/IMG_1138-300x225.jpg 300w, https:\/\/retotech.fundacionendesa.org\/multisite\/wp-content\/uploads\/sites\/3\/2022\/04\/IMG_1138-768x576.jpg 768w, https:\/\/retotech.fundacionendesa.org\/multisite\/wp-content\/uploads\/sites\/3\/2022\/04\/IMG_1138-1536x1152.jpg 1536w, https:\/\/retotech.fundacionendesa.org\/multisite\/wp-content\/uploads\/sites\/3\/2022\/04\/IMG_1138-2048x1536.jpg 2048w\" sizes=\"(max-width: 1024px) 100vw, 1024px\" \/><\/figure>\n\n\n\n<p>Por otro lado, me gustar\u00eda comentar que las condiciones de trabajo que nos hemos encontrado este curso no han sido las id\u00f3neas para trabajar un proyecto de este tipo porque no pod\u00edamos trabajar en grupo debido a las condiciones sanitarias establecidas en nuestro centro debido a la pandemia. Esta ha sido la mayor dificultad que nos hemos encontrado. Afortunadamente, ya mediados el segundo trimestre nos han permitido trabajar en parejas y en peque\u00f1os grupos y lo agradecemos enormemente porque nos ha ofrecido la posibilidad de poder desarrollar un aprendizaje cooperativo.<\/p>\n\n\n\n<p>El alumnado est\u00e1 aprendiendo r\u00e1pido y disfrutando con los Zum Kit Junior y con la impresora 3D. Sorprende la imaginaci\u00f3n que tiene el alumnado. En impresi\u00f3n 3D s\u00ed hemos trabajado pensando en el proyecto final, pero con los kits de rob\u00f3tica no nos hemos centrado en el proyecto que queremos desarrollar todav\u00eda, sino que hemos trabajado otros proyectos con el fin de que aprendan a usar las herramientas y, una vez entiendan sus posibilidades, decidir qu\u00e9 podemos presentar. En este \u00faltimo tramo nos toca definir exactamente qu\u00e9 vamos a presentar. Nos estamos quedando sin tiempo, pero seguimos ilusionados en poder presentar un proyecto atractivo. Y sobre todo, estamos disfrutando del proceso y orgullosos del trabajo realizado, que no es poco.&nbsp;<\/p>\n","protected":false},"excerpt":{"rendered":"<p>Esta es nuestra primera participaci\u00f3n en RetoTech y lo primero que queremos hacer es agradecer la maravillosa oportunidad que se<\/p>\n","protected":false},"author":3260,"featured_media":0,"comment_status":"open","ping_status":"open","sticky":false,"template":"","format":"standard","meta":{"footnotes":""},"categories":[4],"tags":[],"class_list":["post-10793","post","type-post","status-publish","format-standard","hentry","category-blog-retotech"],"_links":{"self":[{"href":"https:\/\/retotech.fundacionendesa.org\/multisite\/wp-json\/wp\/v2\/posts\/10793"}],"collection":[{"href":"https:\/\/retotech.fundacionendesa.org\/multisite\/wp-json\/wp\/v2\/posts"}],"about":[{"href":"https:\/\/retotech.fundacionendesa.org\/multisite\/wp-json\/wp\/v2\/types\/post"}],"author":[{"embeddable":true,"href":"https:\/\/retotech.fundacionendesa.org\/multisite\/wp-json\/wp\/v2\/users\/3260"}],"replies":[{"embeddable":true,"href":"https:\/\/retotech.fundacionendesa.org\/multisite\/wp-json\/wp\/v2\/comments?post=10793"}],"version-history":[{"count":1,"href":"https:\/\/retotech.fundacionendesa.org\/multisite\/wp-json\/wp\/v2\/posts\/10793\/revisions"}],"predecessor-version":[{"id":10797,"href":"https:\/\/retotech.fundacionendesa.org\/multisite\/wp-json\/wp\/v2\/posts\/10793\/revisions\/10797"}],"wp:attachment":[{"href":"https:\/\/retotech.fundacionendesa.org\/multisite\/wp-json\/wp\/v2\/media?parent=10793"}],"wp:term":[{"taxonomy":"category","embeddable":true,"href":"https:\/\/retotech.fundacionendesa.org\/multisite\/wp-json\/wp\/v2\/categories?post=10793"},{"taxonomy":"post_tag","embeddable":true,"href":"https:\/\/retotech.fundacionendesa.org\/multisite\/wp-json\/wp\/v2\/tags?post=10793"}],"curies":[{"name":"wp","href":"https:\/\/api.w.org\/{rel}","templated":true}]}}