{"id":10791,"date":"2022-04-20T20:50:20","date_gmt":"2022-04-20T20:50:20","guid":{"rendered":"https:\/\/retotech.fundacionendesa.org\/multisite\/?p=10791"},"modified":"2022-04-20T20:50:20","modified_gmt":"2022-04-20T20:50:20","slug":"salmedina-acepta-el-reto","status":"publish","type":"post","link":"https:\/\/retotech.fundacionendesa.org\/multisite\/2022\/04\/20\/salmedina-acepta-el-reto\/","title":{"rendered":"Salmedina acepta el Reto"},"content":{"rendered":"\n<p>Buenos d\u00edas desde el IES Salmedina. Despu\u00e9s de un periodo de formaci\u00f3n del alumnado y una compartida tormenta de ideas, para buscar aquel proyecto que motive al alumnado y a la vez tenga una clara intenci\u00f3n de mejorar el mundo en el que vivimos, nos encontramos en plena fase de desarrollo y creatividad para hacer realidad nuestro proyecto. Esperamos que os guste tanto como motivados nos tiene al alumnado y al profesorado del IES Salmedina.<\/p>\n\n\n\n<figure class=\"wp-block-image size-large\"><img loading=\"lazy\" decoding=\"async\" width=\"1024\" height=\"576\" src=\"https:\/\/retotech.fundacionendesa.org\/multisite\/wp-content\/uploads\/sites\/3\/2022\/04\/foto-proyecto-1024x576.jpg\" alt=\"\" class=\"wp-image-10794\" srcset=\"https:\/\/retotech.fundacionendesa.org\/multisite\/wp-content\/uploads\/sites\/3\/2022\/04\/foto-proyecto-1024x576.jpg 1024w, https:\/\/retotech.fundacionendesa.org\/multisite\/wp-content\/uploads\/sites\/3\/2022\/04\/foto-proyecto-300x169.jpg 300w, https:\/\/retotech.fundacionendesa.org\/multisite\/wp-content\/uploads\/sites\/3\/2022\/04\/foto-proyecto-768x432.jpg 768w, https:\/\/retotech.fundacionendesa.org\/multisite\/wp-content\/uploads\/sites\/3\/2022\/04\/foto-proyecto-1536x864.jpg 1536w, https:\/\/retotech.fundacionendesa.org\/multisite\/wp-content\/uploads\/sites\/3\/2022\/04\/foto-proyecto.jpg 1631w\" sizes=\"(max-width: 1024px) 100vw, 1024px\" \/><\/figure>\n","protected":false},"excerpt":{"rendered":"<p>Buenos d\u00edas desde el IES Salmedina. Despu\u00e9s de un periodo de formaci\u00f3n del alumnado y una compartida tormenta de ideas,<\/p>\n","protected":false},"author":3439,"featured_media":0,"comment_status":"open","ping_status":"open","sticky":false,"template":"","format":"standard","meta":{"footnotes":""},"categories":[4],"tags":[],"class_list":["post-10791","post","type-post","status-publish","format-standard","hentry","category-blog-retotech"],"_links":{"self":[{"href":"https:\/\/retotech.fundacionendesa.org\/multisite\/wp-json\/wp\/v2\/posts\/10791"}],"collection":[{"href":"https:\/\/retotech.fundacionendesa.org\/multisite\/wp-json\/wp\/v2\/posts"}],"about":[{"href":"https:\/\/retotech.fundacionendesa.org\/multisite\/wp-json\/wp\/v2\/types\/post"}],"author":[{"embeddable":true,"href":"https:\/\/retotech.fundacionendesa.org\/multisite\/wp-json\/wp\/v2\/users\/3439"}],"replies":[{"embeddable":true,"href":"https:\/\/retotech.fundacionendesa.org\/multisite\/wp-json\/wp\/v2\/comments?post=10791"}],"version-history":[{"count":1,"href":"https:\/\/retotech.fundacionendesa.org\/multisite\/wp-json\/wp\/v2\/posts\/10791\/revisions"}],"predecessor-version":[{"id":10795,"href":"https:\/\/retotech.fundacionendesa.org\/multisite\/wp-json\/wp\/v2\/posts\/10791\/revisions\/10795"}],"wp:attachment":[{"href":"https:\/\/retotech.fundacionendesa.org\/multisite\/wp-json\/wp\/v2\/media?parent=10791"}],"wp:term":[{"taxonomy":"category","embeddable":true,"href":"https:\/\/retotech.fundacionendesa.org\/multisite\/wp-json\/wp\/v2\/categories?post=10791"},{"taxonomy":"post_tag","embeddable":true,"href":"https:\/\/retotech.fundacionendesa.org\/multisite\/wp-json\/wp\/v2\/tags?post=10791"}],"curies":[{"name":"wp","href":"https:\/\/api.w.org\/{rel}","templated":true}]}}